{"id":671,"date":"2018-06-05T10:20:37","date_gmt":"2018-06-05T08:20:37","guid":{"rendered":"http:\/\/10.0.80.84\/devLaLigue53\/public\/wordpress-4.9.6-fr_FR\/wordpress\/?p=671"},"modified":"2018-06-13T12:16:42","modified_gmt":"2018-06-13T10:16:42","slug":"pourquoi-lire-et-faire-lire-recherche-t-elle-de-nouvelles-structures-educatives","status":"publish","type":"post","link":"https:\/\/laligue53.org\/index.php\/2018\/06\/05\/pourquoi-lire-et-faire-lire-recherche-t-elle-de-nouvelles-structures-educatives\/","title":{"rendered":"Pourquoi Lire et Faire Lire recherche t-elle de nouvelles structures \u00e9ducatives ?"},"content":{"rendered":"<h3><\/h3>\n<p style=\"text-align: center;\" class=\"text-purple\"><strong>Interview de Mich\u00e8le Bauby-Malzac, Pr\u00e9sidente de Lire et faire lire et d\u2019Alexandre Jardin, Fondateur de Lire et faire<\/strong><\/p>\n<p><img decoding=\"async\" class=\"size-full wp-image-675 alignleft\" src=\"http:\/\/dev.laligue53.org\/wp-content\/uploads\/2018\/06\/LFL.gif\" alt=\"\" width=\"122\" height=\"120\" \/><\/p>\n<p><strong>Pourquoi Lire et faire lire recherche t-elle de nouvelles structures \u00e9ducatives ?<\/strong><\/p>\n<p><strong>Alexandre Jardin\u00a0<\/strong>: \u00ab\u00a0Lire et Faire Lire a un r\u00eave : faire de ce pays une nation de lecteurs, en impliquant les citoyens. Pour nous, il n&rsquo;a jamais \u00e9t\u00e9 question de faire une grande association mais de changer en profondeur la relation que notre \u00e9poque entretient avec le livre. Toute nouvelle structure qui se mobilise avec nous est un pas suppl\u00e9mentaire vers ce r\u00eave hautement d\u00e9raisonnable !\u00a0\u00bb<\/p>\n<p><strong>Mich\u00e8le Bauby-Malzac\u00a0<\/strong>: L\u2019id\u00e9e de Lire et faire lire est de cr\u00e9er un vaste mouvement de citoyens b\u00e9n\u00e9voles, anim\u00e9s du d\u00e9sir de partager avec des enfants le plaisir de fr\u00e9quenter les livres, d\u2019entrer plus avant en litt\u00e9rature et de faire ensemble un bout de chemin dans le vaste monde, r\u00e9el ou imaginaire, que nous offrent les \u00e9crivains d\u2019aujourd\u2019hui.\u00a0 Pour que ce mouvement devienne une v\u00e9ritable force vive dans le pays, l\u2019engagement doit \u00eatre r\u00e9ellement collectif. Autant de lieux d\u2019accueil nouveaux pour Lire et faire lire, autant d\u2019occasions de cr\u00e9er cette magie de la rencontre et du partage. Notre ambition est grande. Nous voulons que partout, on lise\u2026qu\u2019on parle des livres, qu\u2019ils circulent, qu\u2019ils soient des objets familiers dont on ait envie de partager la richesse et la diversit\u00e9.<\/p>\n<p><a class=\"entry-article\" href=\"http:\/\/dev.laligue53.org\/index.php\/pourquoi-lire-et-faire-lire-recherche-t-elle-de-nouvelles-structures-educatives\/\"><br \/>\nLire la suite&#8230;<\/a><\/p>\n","protected":false},"excerpt":{"rendered":"<p>Interview de Mich\u00e8le Bauby-Malzac, Pr\u00e9sidente de Lire et faire lire et d\u2019Alexandre Jardin, Fondateur de Lire et faire Pourquoi Lire et faire lire recherche t-elle de nouvelles structures \u00e9ducatives ? Alexandre Jardin\u00a0: \u00ab\u00a0Lire et Faire Lire a un r\u00eave : faire de ce pays une nation de lecteurs, en impliquant les citoyens. Pour nous, il n&rsquo;a jamais \u00e9t\u00e9 question de faire une grande association mais de changer en profondeur la relation que notre \u00e9poque entretient avec le livre. Toute nouvelle structure qui se mobilise avec nous est un pas suppl\u00e9mentaire vers ce r\u00eave hautement d\u00e9raisonnable !\u00a0\u00bb Mich\u00e8le Bauby-Malzac\u00a0: L\u2019id\u00e9e de Lire et faire lire est de cr\u00e9er un vaste mouvement de citoyens b\u00e9n\u00e9voles, anim\u00e9s du d\u00e9sir de partager avec des enfants le plaisir de fr\u00e9quenter les livres, d\u2019entrer plus avant en litt\u00e9rature et de faire ensemble un bout de chemin dans le vaste monde, r\u00e9el ou imaginaire, que nous offrent les \u00e9crivains d\u2019aujourd\u2019hui.\u00a0 Pour que ce mouvement devienne une v\u00e9ritable force vive dans le pays, l\u2019engagement doit \u00eatre r\u00e9ellement collectif. Autant de lieux d\u2019accueil nouveaux pour Lire et faire lire, autant d\u2019occasions de cr\u00e9er cette magie de la rencontre et du partage. Notre ambition est grande. Nous voulons que partout, on lise\u2026qu\u2019on parle des livres, qu\u2019ils circulent, qu\u2019ils soient des objets familiers dont on ait envie de partager la richesse et la diversit\u00e9. Lire la suite&#8230;<\/p>\n","protected":false},"author":1,"featured_media":0,"comment_status":"open","ping_status":"open","sticky":false,"template":"","format":"standard","meta":{"_uag_custom_page_level_css":"","h5ap_radio_sources":[],"footnotes":""},"categories":[42],"tags":[],"class_list":["post-671","post","type-post","status-publish","format-standard","hentry","category-lire-et-faire-lire"],"yoast_head":"<!-- This site is optimized with the Yoast SEO plugin v27.3 - https:\/\/yoast.com\/product\/yoast-seo-wordpress\/ -->\n<title>Pourquoi Lire et Faire Lire recherche t-elle de nouvelles structures \u00e9ducatives ? -<\/title>\n<meta name=\"robots\" content=\"index, follow, max-snippet:-1, max-image-preview:large, max-video-preview:-1\" \/>\n<link rel=\"canonical\" href=\"https:\/\/laligue53.org\/index.php\/2018\/06\/05\/pourquoi-lire-et-faire-lire-recherche-t-elle-de-nouvelles-structures-educatives\/\" \/>\n<meta property=\"og:locale\" content=\"fr_FR\" \/>\n<meta property=\"og:type\" content=\"article\" \/>\n<meta property=\"og:title\" content=\"Pourquoi Lire et Faire Lire recherche t-elle de nouvelles structures \u00e9ducatives ? -\" \/>\n<meta property=\"og:description\" content=\"Interview de Mich\u00e8le Bauby-Malzac, Pr\u00e9sidente de Lire et faire lire et d\u2019Alexandre Jardin, Fondateur de Lire et faire Pourquoi Lire et faire lire recherche t-elle de nouvelles structures \u00e9ducatives ? Alexandre Jardin\u00a0: \u00ab\u00a0Lire et Faire Lire a un r\u00eave : faire de ce pays une nation de lecteurs, en impliquant les citoyens. Pour nous, il n&rsquo;a jamais \u00e9t\u00e9 question de faire une grande association mais de changer en profondeur la relation que notre \u00e9poque entretient avec le livre. Toute nouvelle structure qui se mobilise avec nous est un pas suppl\u00e9mentaire vers ce r\u00eave hautement d\u00e9raisonnable !\u00a0\u00bb Mich\u00e8le Bauby-Malzac\u00a0: L\u2019id\u00e9e de Lire et faire lire est de cr\u00e9er un vaste mouvement de citoyens b\u00e9n\u00e9voles, anim\u00e9s du d\u00e9sir de partager avec des enfants le plaisir de fr\u00e9quenter les livres, d\u2019entrer plus avant en litt\u00e9rature et de faire ensemble un bout de chemin dans le vaste monde, r\u00e9el ou imaginaire, que nous offrent les \u00e9crivains d\u2019aujourd\u2019hui.\u00a0 Pour que ce mouvement devienne une v\u00e9ritable force vive dans le pays, l\u2019engagement doit \u00eatre r\u00e9ellement collectif. Autant de lieux d\u2019accueil nouveaux pour Lire et faire lire, autant d\u2019occasions de cr\u00e9er cette magie de la rencontre et du partage. Notre ambition est grande. Nous voulons que partout, on lise\u2026qu\u2019on parle des livres, qu\u2019ils circulent, qu\u2019ils soient des objets familiers dont on ait envie de partager la richesse et la diversit\u00e9. Lire la suite&#8230;\" \/>\n<meta property=\"og:url\" content=\"https:\/\/laligue53.org\/index.php\/2018\/06\/05\/pourquoi-lire-et-faire-lire-recherche-t-elle-de-nouvelles-structures-educatives\/\" \/>\n<meta property=\"article:published_time\" content=\"2018-06-05T08:20:37+00:00\" \/>\n<meta property=\"article:modified_time\" content=\"2018-06-13T10:16:42+00:00\" \/>\n<meta property=\"og:image\" content=\"http:\/\/dev.laligue53.org\/wp-content\/uploads\/2018\/06\/LFL.gif\" \/>\n<meta name=\"author\" content=\"solene\" \/>\n<meta name=\"twitter:card\" content=\"summary_large_image\" \/>\n<meta name=\"twitter:label1\" content=\"\u00c9crit par\" \/>\n\t<meta name=\"twitter:data1\" content=\"solene\" \/>\n\t<meta name=\"twitter:label2\" content=\"Dur\u00e9e de lecture estim\u00e9e\" \/>\n\t<meta name=\"twitter:data2\" content=\"1 minute\" \/>\n<script type=\"application\/ld+json\" class=\"yoast-schema-graph\">{\"@context\":\"https:\\\/\\\/schema.org\",\"@graph\":[{\"@type\":\"Article\",\"@id\":\"https:\\\/\\\/laligue53.org\\\/index.php\\\/2018\\\/06\\\/05\\\/pourquoi-lire-et-faire-lire-recherche-t-elle-de-nouvelles-structures-educatives\\\/#article\",\"isPartOf\":{\"@id\":\"https:\\\/\\\/laligue53.org\\\/index.php\\\/2018\\\/06\\\/05\\\/pourquoi-lire-et-faire-lire-recherche-t-elle-de-nouvelles-structures-educatives\\\/\"},\"author\":{\"name\":\"solene\",\"@id\":\"https:\\\/\\\/laligue53.org\\\/#\\\/schema\\\/person\\\/1abd68130308384db2389adc7e79a1c6\"},\"headline\":\"Pourquoi Lire et Faire Lire recherche t-elle de nouvelles structures \u00e9ducatives ?\",\"datePublished\":\"2018-06-05T08:20:37+00:00\",\"dateModified\":\"2018-06-13T10:16:42+00:00\",\"mainEntityOfPage\":{\"@id\":\"https:\\\/\\\/laligue53.org\\\/index.php\\\/2018\\\/06\\\/05\\\/pourquoi-lire-et-faire-lire-recherche-t-elle-de-nouvelles-structures-educatives\\\/\"},\"wordCount\":265,\"commentCount\":0,\"image\":{\"@id\":\"https:\\\/\\\/laligue53.org\\\/index.php\\\/2018\\\/06\\\/05\\\/pourquoi-lire-et-faire-lire-recherche-t-elle-de-nouvelles-structures-educatives\\\/#primaryimage\"},\"thumbnailUrl\":\"http:\\\/\\\/dev.laligue53.org\\\/wp-content\\\/uploads\\\/2018\\\/06\\\/LFL.gif\",\"articleSection\":[\"Lire et Faire Lire\"],\"inLanguage\":\"fr-FR\",\"potentialAction\":[{\"@type\":\"CommentAction\",\"name\":\"Comment\",\"target\":[\"https:\\\/\\\/laligue53.org\\\/index.php\\\/2018\\\/06\\\/05\\\/pourquoi-lire-et-faire-lire-recherche-t-elle-de-nouvelles-structures-educatives\\\/#respond\"]}]},{\"@type\":\"WebPage\",\"@id\":\"https:\\\/\\\/laligue53.org\\\/index.php\\\/2018\\\/06\\\/05\\\/pourquoi-lire-et-faire-lire-recherche-t-elle-de-nouvelles-structures-educatives\\\/\",\"url\":\"https:\\\/\\\/laligue53.org\\\/index.php\\\/2018\\\/06\\\/05\\\/pourquoi-lire-et-faire-lire-recherche-t-elle-de-nouvelles-structures-educatives\\\/\",\"name\":\"Pourquoi Lire et Faire Lire recherche t-elle de nouvelles structures \u00e9ducatives ? -\",\"isPartOf\":{\"@id\":\"https:\\\/\\\/laligue53.org\\\/#website\"},\"primaryImageOfPage\":{\"@id\":\"https:\\\/\\\/laligue53.org\\\/index.php\\\/2018\\\/06\\\/05\\\/pourquoi-lire-et-faire-lire-recherche-t-elle-de-nouvelles-structures-educatives\\\/#primaryimage\"},\"image\":{\"@id\":\"https:\\\/\\\/laligue53.org\\\/index.php\\\/2018\\\/06\\\/05\\\/pourquoi-lire-et-faire-lire-recherche-t-elle-de-nouvelles-structures-educatives\\\/#primaryimage\"},\"thumbnailUrl\":\"http:\\\/\\\/dev.laligue53.org\\\/wp-content\\\/uploads\\\/2018\\\/06\\\/LFL.gif\",\"datePublished\":\"2018-06-05T08:20:37+00:00\",\"dateModified\":\"2018-06-13T10:16:42+00:00\",\"author\":{\"@id\":\"https:\\\/\\\/laligue53.org\\\/#\\\/schema\\\/person\\\/1abd68130308384db2389adc7e79a1c6\"},\"breadcrumb\":{\"@id\":\"https:\\\/\\\/laligue53.org\\\/index.php\\\/2018\\\/06\\\/05\\\/pourquoi-lire-et-faire-lire-recherche-t-elle-de-nouvelles-structures-educatives\\\/#breadcrumb\"},\"inLanguage\":\"fr-FR\",\"potentialAction\":[{\"@type\":\"ReadAction\",\"target\":[\"https:\\\/\\\/laligue53.org\\\/index.php\\\/2018\\\/06\\\/05\\\/pourquoi-lire-et-faire-lire-recherche-t-elle-de-nouvelles-structures-educatives\\\/\"]}]},{\"@type\":\"ImageObject\",\"inLanguage\":\"fr-FR\",\"@id\":\"https:\\\/\\\/laligue53.org\\\/index.php\\\/2018\\\/06\\\/05\\\/pourquoi-lire-et-faire-lire-recherche-t-elle-de-nouvelles-structures-educatives\\\/#primaryimage\",\"url\":\"http:\\\/\\\/dev.laligue53.org\\\/wp-content\\\/uploads\\\/2018\\\/06\\\/LFL.gif\",\"contentUrl\":\"http:\\\/\\\/dev.laligue53.org\\\/wp-content\\\/uploads\\\/2018\\\/06\\\/LFL.gif\"},{\"@type\":\"BreadcrumbList\",\"@id\":\"https:\\\/\\\/laligue53.org\\\/index.php\\\/2018\\\/06\\\/05\\\/pourquoi-lire-et-faire-lire-recherche-t-elle-de-nouvelles-structures-educatives\\\/#breadcrumb\",\"itemListElement\":[{\"@type\":\"ListItem\",\"position\":1,\"name\":\"Accueil\",\"item\":\"https:\\\/\\\/laligue53.org\\\/\"},{\"@type\":\"ListItem\",\"position\":2,\"name\":\"Pourquoi Lire et Faire Lire recherche t-elle de nouvelles structures \u00e9ducatives ?\"}]},{\"@type\":\"WebSite\",\"@id\":\"https:\\\/\\\/laligue53.org\\\/#website\",\"url\":\"https:\\\/\\\/laligue53.org\\\/\",\"name\":\"\",\"description\":\"S&#039;associer est une force\",\"potentialAction\":[{\"@type\":\"SearchAction\",\"target\":{\"@type\":\"EntryPoint\",\"urlTemplate\":\"https:\\\/\\\/laligue53.org\\\/?s={search_term_string}\"},\"query-input\":{\"@type\":\"PropertyValueSpecification\",\"valueRequired\":true,\"valueName\":\"search_term_string\"}}],\"inLanguage\":\"fr-FR\"},{\"@type\":\"Person\",\"@id\":\"https:\\\/\\\/laligue53.org\\\/#\\\/schema\\\/person\\\/1abd68130308384db2389adc7e79a1c6\",\"name\":\"solene\",\"image\":{\"@type\":\"ImageObject\",\"inLanguage\":\"fr-FR\",\"@id\":\"https:\\\/\\\/secure.gravatar.com\\\/avatar\\\/ce2e419e3b64bb96366252f00df0bfe11c42c21b1bf0d6fb9556d823c367b289?s=96&d=mm&r=g\",\"url\":\"https:\\\/\\\/secure.gravatar.com\\\/avatar\\\/ce2e419e3b64bb96366252f00df0bfe11c42c21b1bf0d6fb9556d823c367b289?s=96&d=mm&r=g\",\"contentUrl\":\"https:\\\/\\\/secure.gravatar.com\\\/avatar\\\/ce2e419e3b64bb96366252f00df0bfe11c42c21b1bf0d6fb9556d823c367b289?s=96&d=mm&r=g\",\"caption\":\"solene\"},\"url\":\"https:\\\/\\\/laligue53.org\\\/index.php\\\/author\\\/solene\\\/\"}]}<\/script>\n<!-- \/ Yoast SEO plugin. -->","yoast_head_json":{"title":"Pourquoi Lire et Faire Lire recherche t-elle de nouvelles structures \u00e9ducatives ? -","robots":{"index":"index","follow":"follow","max-snippet":"max-snippet:-1","max-image-preview":"max-image-preview:large","max-video-preview":"max-video-preview:-1"},"canonical":"https:\/\/laligue53.org\/index.php\/2018\/06\/05\/pourquoi-lire-et-faire-lire-recherche-t-elle-de-nouvelles-structures-educatives\/","og_locale":"fr_FR","og_type":"article","og_title":"Pourquoi Lire et Faire Lire recherche t-elle de nouvelles structures \u00e9ducatives ? -","og_description":"Interview de Mich\u00e8le Bauby-Malzac, Pr\u00e9sidente de Lire et faire lire et d\u2019Alexandre Jardin, Fondateur de Lire et faire Pourquoi Lire et faire lire recherche t-elle de nouvelles structures \u00e9ducatives ? Alexandre Jardin\u00a0: \u00ab\u00a0Lire et Faire Lire a un r\u00eave : faire de ce pays une nation de lecteurs, en impliquant les citoyens. Pour nous, il n&rsquo;a jamais \u00e9t\u00e9 question de faire une grande association mais de changer en profondeur la relation que notre \u00e9poque entretient avec le livre. Toute nouvelle structure qui se mobilise avec nous est un pas suppl\u00e9mentaire vers ce r\u00eave hautement d\u00e9raisonnable !\u00a0\u00bb Mich\u00e8le Bauby-Malzac\u00a0: L\u2019id\u00e9e de Lire et faire lire est de cr\u00e9er un vaste mouvement de citoyens b\u00e9n\u00e9voles, anim\u00e9s du d\u00e9sir de partager avec des enfants le plaisir de fr\u00e9quenter les livres, d\u2019entrer plus avant en litt\u00e9rature et de faire ensemble un bout de chemin dans le vaste monde, r\u00e9el ou imaginaire, que nous offrent les \u00e9crivains d\u2019aujourd\u2019hui.\u00a0 Pour que ce mouvement devienne une v\u00e9ritable force vive dans le pays, l\u2019engagement doit \u00eatre r\u00e9ellement collectif. Autant de lieux d\u2019accueil nouveaux pour Lire et faire lire, autant d\u2019occasions de cr\u00e9er cette magie de la rencontre et du partage. Notre ambition est grande. Nous voulons que partout, on lise\u2026qu\u2019on parle des livres, qu\u2019ils circulent, qu\u2019ils soient des objets familiers dont on ait envie de partager la richesse et la diversit\u00e9. Lire la suite&#8230;","og_url":"https:\/\/laligue53.org\/index.php\/2018\/06\/05\/pourquoi-lire-et-faire-lire-recherche-t-elle-de-nouvelles-structures-educatives\/","article_published_time":"2018-06-05T08:20:37+00:00","article_modified_time":"2018-06-13T10:16:42+00:00","og_image":[{"url":"http:\/\/dev.laligue53.org\/wp-content\/uploads\/2018\/06\/LFL.gif","type":"","width":"","height":""}],"author":"solene","twitter_card":"summary_large_image","twitter_misc":{"\u00c9crit par":"solene","Dur\u00e9e de lecture estim\u00e9e":"1 minute"},"schema":{"@context":"https:\/\/schema.org","@graph":[{"@type":"Article","@id":"https:\/\/laligue53.org\/index.php\/2018\/06\/05\/pourquoi-lire-et-faire-lire-recherche-t-elle-de-nouvelles-structures-educatives\/#article","isPartOf":{"@id":"https:\/\/laligue53.org\/index.php\/2018\/06\/05\/pourquoi-lire-et-faire-lire-recherche-t-elle-de-nouvelles-structures-educatives\/"},"author":{"name":"solene","@id":"https:\/\/laligue53.org\/#\/schema\/person\/1abd68130308384db2389adc7e79a1c6"},"headline":"Pourquoi Lire et Faire Lire recherche t-elle de nouvelles structures \u00e9ducatives ?","datePublished":"2018-06-05T08:20:37+00:00","dateModified":"2018-06-13T10:16:42+00:00","mainEntityOfPage":{"@id":"https:\/\/laligue53.org\/index.php\/2018\/06\/05\/pourquoi-lire-et-faire-lire-recherche-t-elle-de-nouvelles-structures-educatives\/"},"wordCount":265,"commentCount":0,"image":{"@id":"https:\/\/laligue53.org\/index.php\/2018\/06\/05\/pourquoi-lire-et-faire-lire-recherche-t-elle-de-nouvelles-structures-educatives\/#primaryimage"},"thumbnailUrl":"http:\/\/dev.laligue53.org\/wp-content\/uploads\/2018\/06\/LFL.gif","articleSection":["Lire et Faire Lire"],"inLanguage":"fr-FR","potentialAction":[{"@type":"CommentAction","name":"Comment","target":["https:\/\/laligue53.org\/index.php\/2018\/06\/05\/pourquoi-lire-et-faire-lire-recherche-t-elle-de-nouvelles-structures-educatives\/#respond"]}]},{"@type":"WebPage","@id":"https:\/\/laligue53.org\/index.php\/2018\/06\/05\/pourquoi-lire-et-faire-lire-recherche-t-elle-de-nouvelles-structures-educatives\/","url":"https:\/\/laligue53.org\/index.php\/2018\/06\/05\/pourquoi-lire-et-faire-lire-recherche-t-elle-de-nouvelles-structures-educatives\/","name":"Pourquoi Lire et Faire Lire recherche t-elle de nouvelles structures \u00e9ducatives ? -","isPartOf":{"@id":"https:\/\/laligue53.org\/#website"},"primaryImageOfPage":{"@id":"https:\/\/laligue53.org\/index.php\/2018\/06\/05\/pourquoi-lire-et-faire-lire-recherche-t-elle-de-nouvelles-structures-educatives\/#primaryimage"},"image":{"@id":"https:\/\/laligue53.org\/index.php\/2018\/06\/05\/pourquoi-lire-et-faire-lire-recherche-t-elle-de-nouvelles-structures-educatives\/#primaryimage"},"thumbnailUrl":"http:\/\/dev.laligue53.org\/wp-content\/uploads\/2018\/06\/LFL.gif","datePublished":"2018-06-05T08:20:37+00:00","dateModified":"2018-06-13T10:16:42+00:00","author":{"@id":"https:\/\/laligue53.org\/#\/schema\/person\/1abd68130308384db2389adc7e79a1c6"},"breadcrumb":{"@id":"https:\/\/laligue53.org\/index.php\/2018\/06\/05\/pourquoi-lire-et-faire-lire-recherche-t-elle-de-nouvelles-structures-educatives\/#breadcrumb"},"inLanguage":"fr-FR","potentialAction":[{"@type":"ReadAction","target":["https:\/\/laligue53.org\/index.php\/2018\/06\/05\/pourquoi-lire-et-faire-lire-recherche-t-elle-de-nouvelles-structures-educatives\/"]}]},{"@type":"ImageObject","inLanguage":"fr-FR","@id":"https:\/\/laligue53.org\/index.php\/2018\/06\/05\/pourquoi-lire-et-faire-lire-recherche-t-elle-de-nouvelles-structures-educatives\/#primaryimage","url":"http:\/\/dev.laligue53.org\/wp-content\/uploads\/2018\/06\/LFL.gif","contentUrl":"http:\/\/dev.laligue53.org\/wp-content\/uploads\/2018\/06\/LFL.gif"},{"@type":"BreadcrumbList","@id":"https:\/\/laligue53.org\/index.php\/2018\/06\/05\/pourquoi-lire-et-faire-lire-recherche-t-elle-de-nouvelles-structures-educatives\/#breadcrumb","itemListElement":[{"@type":"ListItem","position":1,"name":"Accueil","item":"https:\/\/laligue53.org\/"},{"@type":"ListItem","position":2,"name":"Pourquoi Lire et Faire Lire recherche t-elle de nouvelles structures \u00e9ducatives ?"}]},{"@type":"WebSite","@id":"https:\/\/laligue53.org\/#website","url":"https:\/\/laligue53.org\/","name":"","description":"S&#039;associer est une force","potentialAction":[{"@type":"SearchAction","target":{"@type":"EntryPoint","urlTemplate":"https:\/\/laligue53.org\/?s={search_term_string}"},"query-input":{"@type":"PropertyValueSpecification","valueRequired":true,"valueName":"search_term_string"}}],"inLanguage":"fr-FR"},{"@type":"Person","@id":"https:\/\/laligue53.org\/#\/schema\/person\/1abd68130308384db2389adc7e79a1c6","name":"solene","image":{"@type":"ImageObject","inLanguage":"fr-FR","@id":"https:\/\/secure.gravatar.com\/avatar\/ce2e419e3b64bb96366252f00df0bfe11c42c21b1bf0d6fb9556d823c367b289?s=96&d=mm&r=g","url":"https:\/\/secure.gravatar.com\/avatar\/ce2e419e3b64bb96366252f00df0bfe11c42c21b1bf0d6fb9556d823c367b289?s=96&d=mm&r=g","contentUrl":"https:\/\/secure.gravatar.com\/avatar\/ce2e419e3b64bb96366252f00df0bfe11c42c21b1bf0d6fb9556d823c367b289?s=96&d=mm&r=g","caption":"solene"},"url":"https:\/\/laligue53.org\/index.php\/author\/solene\/"}]}},"uagb_featured_image_src":{"full":false,"thumbnail":false,"medium":false,"medium_large":false,"large":false,"1536x1536":false,"2048x2048":false},"uagb_author_info":{"display_name":"solene","author_link":"https:\/\/laligue53.org\/index.php\/author\/solene\/"},"uagb_comment_info":0,"uagb_excerpt":"Interview de Mich\u00e8le Bauby-Malzac, Pr\u00e9sidente de Lire et faire lire et d\u2019Alexandre Jardin, Fondateur de Lire et faire Pourquoi Lire et faire lire recherche t-elle de nouvelles structures \u00e9ducatives ? Alexandre Jardin\u00a0: \u00ab\u00a0Lire et Faire Lire a un r\u00eave : faire de ce pays une nation de lecteurs, en impliquant les citoyens. Pour nous, il\u2026","_links":{"self":[{"href":"https:\/\/laligue53.org\/index.php\/wp-json\/wp\/v2\/posts\/671","targetHints":{"allow":["GET"]}}],"collection":[{"href":"https:\/\/laligue53.org\/index.php\/wp-json\/wp\/v2\/posts"}],"about":[{"href":"https:\/\/laligue53.org\/index.php\/wp-json\/wp\/v2\/types\/post"}],"author":[{"embeddable":true,"href":"https:\/\/laligue53.org\/index.php\/wp-json\/wp\/v2\/users\/1"}],"replies":[{"embeddable":true,"href":"https:\/\/laligue53.org\/index.php\/wp-json\/wp\/v2\/comments?post=671"}],"version-history":[{"count":7,"href":"https:\/\/laligue53.org\/index.php\/wp-json\/wp\/v2\/posts\/671\/revisions"}],"predecessor-version":[{"id":1825,"href":"https:\/\/laligue53.org\/index.php\/wp-json\/wp\/v2\/posts\/671\/revisions\/1825"}],"wp:attachment":[{"href":"https:\/\/laligue53.org\/index.php\/wp-json\/wp\/v2\/media?parent=671"}],"wp:term":[{"taxonomy":"category","embeddable":true,"href":"https:\/\/laligue53.org\/index.php\/wp-json\/wp\/v2\/categories?post=671"},{"taxonomy":"post_tag","embeddable":true,"href":"https:\/\/laligue53.org\/index.php\/wp-json\/wp\/v2\/tags?post=671"}],"curies":[{"name":"wp","href":"https:\/\/api.w.org\/{rel}","templated":true}]}}