{"id":3766,"date":"2021-03-25T17:41:38","date_gmt":"2021-03-25T16:41:38","guid":{"rendered":"https:\/\/laligue53.org\/?p=3766"},"modified":"2021-04-29T11:22:25","modified_gmt":"2021-04-29T09:22:25","slug":"des-ateliers-en-visio-pour-debattre-autour-de-la-laicite","status":"publish","type":"post","link":"https:\/\/laligue53.org\/index.php\/2021\/03\/25\/des-ateliers-en-visio-pour-debattre-autour-de-la-laicite\/","title":{"rendered":"Des ateliers en visio pour d\u00e9battre autour de la La\u00efcit\u00e9"},"content":{"rendered":"\n<p class=\"has-medium-font-size\"><strong><a rel=\"noreferrer noopener\" href=\"https:\/\/www.resovilles.com\/\" target=\"_blank\">R\u00e9sovilles<\/a> et la Ligue de l&rsquo;enseignement (Pays de la Loire) vous proposent des ateliers Zoom (en visio) pour \u00e9changer autour de la La\u00efcit\u00e9.<\/strong><\/p>\n\n\n\n<p><\/p>\n\n\n\n<div class=\"wp-block-file aligncenter\"><a href=\"https:\/\/laligue53.org\/wp-content\/uploads\/2021\/03\/Livret-A5_ateliers-Zoom-interactif.pdf\"><strong>Consultez le programme ici :<\/strong><\/a><a href=\"https:\/\/laligue53.org\/wp-content\/uploads\/2021\/03\/Livret-A5_ateliers-Zoom-interactif.pdf\" class=\"wp-block-file__button\" download>T\u00e9l\u00e9charger<\/a><\/div>\n\n\n\n<p><\/p>\n\n\n\n<hr class=\"wp-block-separator has-text-color has-background has-cyan-bluish-gray-background-color has-cyan-bluish-gray-color\"\/>\n\n\n\n<p class=\"has-normal-font-size\"><strong>Mardi 6 avril 2021 \/ de 10h \u00e0 12h<\/strong> [atelier Zoom]<br>&gt; <strong><em>La la\u00efcit\u00e9, une question de principe ?<\/em><\/strong><br><br>La promotion du principe de la\u00efcit\u00e9 et la lutte contre les discriminations sont-elles toujours compatibles ? Depuis une quinzaine d\u2019ann\u00e9es, la fronti\u00e8re semble parfois t\u00e9nue et interroge nombre de professionnel.le.s, confront\u00e9.e.s \u00e0 des situations concr\u00e8tes et complexes qui font appara\u00eetre ces injonctions comme contradictoires. D\u2019o\u00f9 viennent ces injonctions devenues contradictoires ? Que nous disent-elles des \u00e9volutions de la la\u00efcit\u00e9 ? Quelles postures peuvent adopter les professionnels dans de telles configurations ?<br><br>La Ligue de l\u2019enseignement et R\u00e9soVilles proposent <strong>un \u00e9change avec Olivier NO\u00cbL, sociologue \u00e0 l\u2019Institut Social et Coop\u00e9ratif de Recherche Appliqu\u00e9e et Ma\u00eetre de conf\u00e9rences de sociologie politique \u00e0 l\u2019universit\u00e9 Paul Val\u00e9ry de Montpellier<\/strong> qui tentera de donner quelques \u00e9l\u00e9ments de d\u00e9cryptage de ces \u00e9volutions et des enjeux auxquels sont d\u00e9sormais les acteur.rice.s de terrain sur des situations v\u00e9cues et complexes.<br><br><strong>Pour aller plus loin avant ou le cas \u00e9ch\u00e9ant apr\u00e8s l\u2019atelier :<\/strong> \u00c9mission<em> les pieds sur terre<\/em> du 2 mars 2015 :<strong> <a href=\"https:\/\/www.franceculture.fr\/emissions\/les-pieds-sur-terre\/la-liberte-dexclusion\">https:\/\/www.franceculture.fr\/emissions\/les-pieds-sur-terre\/la-liberte-dexclusion<\/a><\/strong><\/p>\n\n\n\n<div class=\"wp-block-buttons is-layout-flex wp-block-buttons-is-layout-flex\"><\/div>\n\n\n\n<p><\/p>\n\n\n\n<hr class=\"wp-block-separator has-text-color has-background has-very-dark-gray-background-color has-very-dark-gray-color is-style-wide\"\/>\n\n\n\n<p><\/p>\n\n\n\n<p class=\"has-normal-font-size\"><strong>Jeudi 8 avril 2021 \/ de 10h \u00e0 12h<\/strong> [atelier Zoom]<br>&gt; <strong><em>La la\u00efcit\u00e9, un sujet \u00e0 part ?<\/em><\/strong><br><br>La th\u00e9matique de la la\u00efcit\u00e9 impr\u00e8gne l\u2019espace public, dans les m\u00e9dias, dans les discours politiques, sur les r\u00e9seaux sociaux et n\u2019a sans doute jamais fait autant l\u2019objet d\u2019attention. Sans doute n\u2019a-t-elle aussi jamais \u00e9t\u00e9 si contest\u00e9e et d\u00e9voy\u00e9e. Quelles sont les responsabilit\u00e9s des journalistes quant au traitement m\u00e9diatique de la la\u00efcit\u00e9 ? Comment peuvent-ils aborder ce principe sans faire d\u2019amalgames, de contre-sens ou de raccourcis ?<br>Comment les citoyen.ne.s forment-ils leur esprit critique, comment construisent-ils leur rapport \u00e0 la la\u00efcit\u00e9 au regard de ce traitement et finalement, quelle est la responsabilit\u00e9 des professionnel.le.s de l\u2019information dans cette \u00e9quation complexe ? Pour garantir et transmettre, il faut conna\u00eetre.<br><br>La Ligue de l\u2019enseignement et R\u00e9sOVilles proposent <strong>un \u00e9change avec Pascal Massiot, journaliste \u00e0 Pop M\u00e9dia et Mathilde Chevr\u00e9, journaliste et formatrice m\u00e9dias <\/strong>qui viendront poser les bases des indispensables de questionnements pour avoir ensuite un \u00e9change avec les acteur.rice.s de terrain sur des situations v\u00e9cues et souvent complexes.<\/p>\n\n\n\n<div class=\"wp-block-buttons is-layout-flex wp-block-buttons-is-layout-flex\"><\/div>\n\n\n\n<p><\/p>\n\n\n\n<hr class=\"wp-block-separator has-text-color has-background has-very-dark-gray-background-color has-very-dark-gray-color is-style-wide\"\/>\n\n\n\n<p><\/p>\n\n\n\n<p class=\"has-normal-font-size\"><strong>Jeudi 22 avril 2021 \/ de 10h \u00e0 12h<\/strong> [atelier Zoom]<br>> <strong><em>La\u00efcit\u00e9 et sports<\/em><\/strong><br><br>La La\u00efcit\u00e9 est un sujet qui int\u00e9resse ou interroge les acteurs du sport. Si l\u2019on consid\u00e8re que le sport doit contribuer au Vivre ensemble et \u00eatre un des creusets de la construction de la citoyennet\u00e9, la la\u00efcit\u00e9 doit impr\u00e9gner l\u2019ensemble des acteurs du sport. De situations fortement m\u00e9diatis\u00e9es\u2026 au quotidien des associations sportives, c\u2019est un sujet \u00e0 part enti\u00e8re qui m\u00e9rite d\u2019\u00eatre trait\u00e9, garantissant ainsi le respect fondamental des libert\u00e9s de toutes et tous \u00e0 travers toutes les pratiques sportives. Diff\u00e9rents outils de r\u00e9f\u00e9rence existent, \u00e0 l\u2019initiative de f\u00e9d\u00e9rations sportives, de l\u2019Etat pour enseigner ou d\u00e9battre autour de la La\u00efcit\u00e9, et ainsi renforcer les responsabilit\u00e9s les dirigeants sportifs, voire traiter des conflits.<br><br>La Ligue de l\u2019enseignement et R\u00e9sOVilles propose <strong>un \u00e9change avec Pierre Tournemire, Administrateur honoraire de la Ligue de l\u2019enseignement et ancien Secr\u00e9taire G\u00e9n\u00e9ral adjoint en charge de la La\u00efcit\u00e9 et Arnaud JEAN, Pr\u00e9sident de l\u2019Ufolep,<\/strong> qui pourront, \u00e0 travers l\u2019histoire, l\u2019actualit\u00e9, des exemples, engager un \u00e9change avec les acteur.rice.s de terrain.<\/p>\n\n\n\n<p><strong>>> Retrouvez le r\u00e9sum\u00e9 de cet \u00e9change sous la forme d&rsquo;une illustration r\u00e9alis\u00e9e par C\u00e9line Ziw\u00e8s &#8211; illustratrice et facilitatrice graphique <a rel=\"noreferrer noopener\" href=\"https:\/\/zedegrafik.com\/\" target=\"_blank\">Z\u00e8degrafik<\/a> :<\/strong><\/p>\n\n\n\n<div class=\"wp-block-file\"><a href=\"https:\/\/laligue53.org\/wp-content\/uploads\/2021\/04\/Atelier3LaiciteSport.pdf\"><strong>Atelier 3 : La\u00efcit\u00e9 et sports<\/strong><\/a><a href=\"https:\/\/laligue53.org\/wp-content\/uploads\/2021\/04\/Atelier3LaiciteSport.pdf\" class=\"wp-block-file__button\" download>T\u00e9l\u00e9charger<\/a><\/div>\n\n\n\n<p><\/p>\n\n\n\n<hr class=\"wp-block-separator has-text-color has-background has-very-dark-gray-background-color has-very-dark-gray-color is-style-wide\"\/>\n\n\n\n<p><\/p>\n\n\n\n<p class=\"has-normal-font-size\"><strong>Mardi 27 avril 2021 \/ de 17h \u00e0 18h30<\/strong> [atelier Zoom]<br><strong>> <em>La La\u00efcit\u00e9 et l&rsquo;\u00e9cole<\/em><\/strong><br><br>Cette ann\u00e9e particuli\u00e8rement, la la\u00efcit\u00e9 a \u00e9t\u00e9 au c\u0153ur des pr\u00e9occupations des \u00e9quipes \u00e9ducatives. Des \u00e9quipes enseignantes et des parents d\u2019\u00e9l\u00e8ves se sont retrouv\u00e9s d\u00e9munies pour parler de l\u2019assassinat de Samuel Paty avec les enfants. Les d\u00e9bats sur les sorties et la restauration scolaires sont revenus dans les m\u00e9dias. Le principe de la\u00efcit\u00e9 est fondamental dans l\u2019\u00e9cole de la r\u00e9publique. Cependant, les enseignant.e.s peuvent ils.elles enseigner sereinement la la\u00efcit\u00e9 dans notre pays alors que le d\u00e9bat autour de ce principe est souvent instrumentalis\u00e9? Peut-on faire vivre la la\u00efcit\u00e9 dans un pays qui a laiss\u00e9 se ghetto\u00efser des parties enti\u00e8res de son territoire ? Existe t-il des exp\u00e9rimentations sur certains territoires qui ont montr\u00e9 leur preuve ?<br><br>La Ligue de l\u2019enseignement et R\u00e9sOVilles propose <strong>un \u00e9change avec Jean-Paul Delahaye, Inspecteur g\u00e9n\u00e9ral de l\u2019\u00c9ducation Nationale honoraire et administrateur d\u00e9l\u00e9gu\u00e9 \u00e0 la la\u00efcit\u00e9 \u00e0 la Ligue de l\u2019enseignement,<\/strong> qui viendra poser les bases des indispensables de questionnements pour avoir ensuite un \u00e9change avec les acteur.rice.s de terrain sur des situations v\u00e9cues et souvent complexes.<\/p>\n\n\n\n<p><strong>>> Retrouvez le r\u00e9sum\u00e9 de cet \u00e9change sous la forme d&rsquo;illustrations r\u00e9alis\u00e9es par C\u00e9line Ziw\u00e8s &#8211; illustratrice et facilitatrice graphique <a rel=\"noreferrer noopener\" href=\"https:\/\/zedegrafik.com\/\" target=\"_blank\">Z\u00e8degrafik<\/a> :<\/strong><\/p>\n\n\n\n<div class=\"wp-block-file\"><a href=\"https:\/\/laligue53.org\/wp-content\/uploads\/2021\/04\/179783789_313448300158204_6421728025846287570_n.jpg\"><strong>Atelier 4 : La La\u00efcit\u00e9 et l&rsquo;\u00e9cole<\/strong> <strong>(1)<\/strong><\/a><a href=\"https:\/\/laligue53.org\/wp-content\/uploads\/2021\/04\/179783789_313448300158204_6421728025846287570_n.jpg\" class=\"wp-block-file__button\" download>T\u00e9l\u00e9charger<\/a><\/div>\n\n\n\n<div class=\"wp-block-file\"><a href=\"https:\/\/laligue53.org\/wp-content\/uploads\/2021\/04\/178900301_313448353491532_3988197467683449372_n-1.jpg\"><strong>Atelier 4 : La La\u00efcit\u00e9 et l&rsquo;\u00e9cole<\/strong> <strong>(2)<\/strong><\/a><a href=\"https:\/\/laligue53.org\/wp-content\/uploads\/2021\/04\/178900301_313448353491532_3988197467683449372_n-1.jpg\" class=\"wp-block-file__button\" download>T\u00e9l\u00e9charger<\/a><\/div>\n\n\n\n<div class=\"wp-block-file\"><a href=\"https:\/\/laligue53.org\/wp-content\/uploads\/2021\/04\/179538266_313448386824862_6701581441962732225_n.jpg\"><strong>Atelier 4 : La La\u00efcit\u00e9 et l&rsquo;\u00e9cole<\/strong> <strong>(3)<\/strong><\/a><a href=\"https:\/\/laligue53.org\/wp-content\/uploads\/2021\/04\/179538266_313448386824862_6701581441962732225_n.jpg\" class=\"wp-block-file__button\" download>T\u00e9l\u00e9charger<\/a><\/div>\n\n\n\n<div class=\"wp-block-file\"><a href=\"https:\/\/laligue53.org\/wp-content\/uploads\/2021\/04\/179356942_313448576824843_3184292744593701528_n.jpg\"><strong>Atelier 4 : La La\u00efcit\u00e9 et l&rsquo;\u00e9cole<\/strong> <strong>(4)<\/strong><\/a><a href=\"https:\/\/laligue53.org\/wp-content\/uploads\/2021\/04\/179356942_313448576824843_3184292744593701528_n.jpg\" class=\"wp-block-file__button\" download>T\u00e9l\u00e9charger<\/a><\/div>\n\n\n\n<p><\/p>\n","protected":false},"excerpt":{"rendered":"<p>R\u00e9sovilles et la Ligue de l&rsquo;enseignement (Pays de la Loire) vous proposent des ateliers Zoom (en visio) pour \u00e9changer autour de la La\u00efcit\u00e9. Mardi 6 avril 2021 \/ de 10h \u00e0 12h [atelier Zoom]&gt; La la\u00efcit\u00e9, une question de principe ? La promotion du principe de la\u00efcit\u00e9 et la lutte contre les discriminations sont-elles toujours compatibles ? Depuis une quinzaine d\u2019ann\u00e9es, la fronti\u00e8re semble parfois t\u00e9nue et interroge nombre de professionnel.le.s, confront\u00e9.e.s \u00e0 des situations concr\u00e8tes et complexes qui font appara\u00eetre ces injonctions comme contradictoires. D\u2019o\u00f9 viennent ces injonctions devenues contradictoires ? Que nous disent-elles des \u00e9volutions de la la\u00efcit\u00e9 ? Quelles postures peuvent adopter les professionnels dans de telles configurations ? La Ligue de l\u2019enseignement et R\u00e9soVilles proposent un \u00e9change avec Olivier NO\u00cbL, sociologue \u00e0 l\u2019Institut Social et Coop\u00e9ratif de Recherche Appliqu\u00e9e et Ma\u00eetre de conf\u00e9rences de sociologie politique \u00e0 l\u2019universit\u00e9 Paul Val\u00e9ry de Montpellier qui tentera de donner quelques \u00e9l\u00e9ments de d\u00e9cryptage de ces \u00e9volutions et des enjeux auxquels sont d\u00e9sormais les acteur.rice.s de terrain sur des situations v\u00e9cues et complexes. Pour aller plus loin avant ou le cas \u00e9ch\u00e9ant apr\u00e8s l\u2019atelier : \u00c9mission les pieds sur terre du 2 mars 2015 : https:\/\/www.franceculture.fr\/emissions\/les-pieds-sur-terre\/la-liberte-dexclusion Jeudi 8 avril 2021 \/ de 10h \u00e0 12h [atelier Zoom]&gt; La la\u00efcit\u00e9, un sujet \u00e0 part ? La th\u00e9matique de la la\u00efcit\u00e9 impr\u00e8gne l\u2019espace public, dans les m\u00e9dias, dans les discours politiques, sur les r\u00e9seaux sociaux et n\u2019a sans doute jamais fait autant l\u2019objet d\u2019attention. Sans doute n\u2019a-t-elle aussi jamais \u00e9t\u00e9 si contest\u00e9e et d\u00e9voy\u00e9e. Quelles sont les responsabilit\u00e9s des journalistes quant au traitement m\u00e9diatique de la la\u00efcit\u00e9 ? Comment peuvent-ils aborder ce principe sans faire d\u2019amalgames, de contre-sens ou de raccourcis ?Comment les citoyen.ne.s forment-ils leur esprit critique, comment construisent-ils leur rapport \u00e0 la la\u00efcit\u00e9 au regard de ce traitement et finalement, quelle est la responsabilit\u00e9 des professionnel.le.s de l\u2019information dans cette \u00e9quation complexe ? Pour garantir et transmettre, il faut conna\u00eetre. La Ligue de l\u2019enseignement et R\u00e9sOVilles proposent un \u00e9change avec Pascal Massiot, journaliste \u00e0 Pop M\u00e9dia et Mathilde Chevr\u00e9, journaliste et formatrice m\u00e9dias qui viendront poser les bases des indispensables de questionnements pour avoir ensuite un \u00e9change avec les acteur.rice.s de terrain sur des situations v\u00e9cues et souvent complexes. Jeudi 22 avril 2021 \/ de 10h \u00e0 12h [atelier Zoom]> La\u00efcit\u00e9 et sports La La\u00efcit\u00e9 est un sujet qui int\u00e9resse ou interroge les acteurs du sport. Si l\u2019on consid\u00e8re que le sport doit contribuer au Vivre ensemble et \u00eatre un des creusets de la construction de la citoyennet\u00e9, la la\u00efcit\u00e9 doit impr\u00e9gner l\u2019ensemble des acteurs du sport. De situations fortement m\u00e9diatis\u00e9es\u2026 au quotidien des associations sportives, c\u2019est un sujet \u00e0 part enti\u00e8re qui m\u00e9rite d\u2019\u00eatre trait\u00e9, garantissant ainsi le respect fondamental des libert\u00e9s de toutes et tous \u00e0 travers toutes les pratiques sportives. Diff\u00e9rents outils de r\u00e9f\u00e9rence existent, \u00e0 l\u2019initiative de f\u00e9d\u00e9rations sportives, de l\u2019Etat pour enseigner ou d\u00e9battre autour de la La\u00efcit\u00e9, et ainsi renforcer les responsabilit\u00e9s les dirigeants sportifs, voire traiter des conflits. La Ligue de l\u2019enseignement et R\u00e9sOVilles propose un \u00e9change avec Pierre Tournemire, Administrateur honoraire de la Ligue de l\u2019enseignement et ancien Secr\u00e9taire G\u00e9n\u00e9ral adjoint en charge de la La\u00efcit\u00e9 et Arnaud JEAN, Pr\u00e9sident de l\u2019Ufolep, qui pourront, \u00e0 travers l\u2019histoire, l\u2019actualit\u00e9, des exemples, engager un \u00e9change avec les acteur.rice.s de terrain. >> Retrouvez le r\u00e9sum\u00e9 de cet \u00e9change sous la forme d&rsquo;une illustration r\u00e9alis\u00e9e par C\u00e9line Ziw\u00e8s &#8211; illustratrice et facilitatrice graphique Z\u00e8degrafik : Mardi 27 avril 2021 \/ de 17h \u00e0 18h30 [atelier Zoom]> La La\u00efcit\u00e9 et l&rsquo;\u00e9cole Cette ann\u00e9e particuli\u00e8rement, la la\u00efcit\u00e9 a \u00e9t\u00e9 au c\u0153ur des pr\u00e9occupations des \u00e9quipes \u00e9ducatives. Des \u00e9quipes enseignantes et des parents d\u2019\u00e9l\u00e8ves se sont retrouv\u00e9s d\u00e9munies pour parler de l\u2019assassinat de Samuel Paty avec les enfants. Les d\u00e9bats sur les sorties et la restauration scolaires sont revenus dans les m\u00e9dias. Le principe de la\u00efcit\u00e9 est fondamental dans l\u2019\u00e9cole de la r\u00e9publique. Cependant, les enseignant.e.s peuvent ils.elles enseigner sereinement la la\u00efcit\u00e9 dans notre pays alors que le d\u00e9bat autour de ce principe est souvent instrumentalis\u00e9? Peut-on faire vivre la la\u00efcit\u00e9 dans un pays qui a laiss\u00e9 se ghetto\u00efser des parties enti\u00e8res de son territoire ? Existe t-il des exp\u00e9rimentations sur certains territoires qui ont montr\u00e9 leur preuve ? La Ligue de l\u2019enseignement et R\u00e9sOVilles propose un \u00e9change avec Jean-Paul Delahaye, Inspecteur g\u00e9n\u00e9ral de l\u2019\u00c9ducation Nationale honoraire et administrateur d\u00e9l\u00e9gu\u00e9 \u00e0 la la\u00efcit\u00e9 \u00e0 la Ligue de l\u2019enseignement, qui viendra poser les bases des indispensables de questionnements pour avoir ensuite un \u00e9change avec les acteur.rice.s de terrain sur des situations v\u00e9cues et souvent complexes. >> Retrouvez le r\u00e9sum\u00e9 de cet \u00e9change sous la forme d&rsquo;illustrations r\u00e9alis\u00e9es par C\u00e9line Ziw\u00e8s &#8211; illustratrice et facilitatrice graphique Z\u00e8degrafik :<\/p>\n","protected":false},"author":1,"featured_media":0,"comment_status":"closed","ping_status":"closed","sticky":true,"template":"","format":"standard","meta":{"_uag_custom_page_level_css":"","h5ap_radio_sources":[],"footnotes":""},"categories":[9,5],"tags":[118,119,120],"class_list":["post-3766","post","type-post","status-publish","format-standard","hentry","category-actualite-de-la-federation","category-federation","tag-conference","tag-debat","tag-laicite"],"yoast_head":"<!-- This site is optimized with the Yoast SEO plugin v27.3 - https:\/\/yoast.com\/product\/yoast-seo-wordpress\/ -->\n<title>Des ateliers en visio pour d\u00e9battre autour de la La\u00efcit\u00e9 -<\/title>\n<meta name=\"robots\" content=\"index, follow, max-snippet:-1, max-image-preview:large, max-video-preview:-1\" \/>\n<link rel=\"canonical\" href=\"https:\/\/laligue53.org\/index.php\/2021\/03\/25\/des-ateliers-en-visio-pour-debattre-autour-de-la-laicite\/\" \/>\n<meta property=\"og:locale\" content=\"fr_FR\" \/>\n<meta property=\"og:type\" content=\"article\" \/>\n<meta property=\"og:title\" content=\"Des ateliers en visio pour d\u00e9battre autour de la La\u00efcit\u00e9 -\" \/>\n<meta property=\"og:description\" content=\"R\u00e9sovilles et la Ligue de l&rsquo;enseignement (Pays de la Loire) vous proposent des ateliers Zoom (en visio) pour \u00e9changer autour de la La\u00efcit\u00e9. Mardi 6 avril 2021 \/ de 10h \u00e0 12h [atelier Zoom]&gt; La la\u00efcit\u00e9, une question de principe ? La promotion du principe de la\u00efcit\u00e9 et la lutte contre les discriminations sont-elles toujours compatibles ? Depuis une quinzaine d\u2019ann\u00e9es, la fronti\u00e8re semble parfois t\u00e9nue et interroge nombre de professionnel.le.s, confront\u00e9.e.s \u00e0 des situations concr\u00e8tes et complexes qui font appara\u00eetre ces injonctions comme contradictoires. D\u2019o\u00f9 viennent ces injonctions devenues contradictoires ? Que nous disent-elles des \u00e9volutions de la la\u00efcit\u00e9 ? Quelles postures peuvent adopter les professionnels dans de telles configurations ? La Ligue de l\u2019enseignement et R\u00e9soVilles proposent un \u00e9change avec Olivier NO\u00cbL, sociologue \u00e0 l\u2019Institut Social et Coop\u00e9ratif de Recherche Appliqu\u00e9e et Ma\u00eetre de conf\u00e9rences de sociologie politique \u00e0 l\u2019universit\u00e9 Paul Val\u00e9ry de Montpellier qui tentera de donner quelques \u00e9l\u00e9ments de d\u00e9cryptage de ces \u00e9volutions et des enjeux auxquels sont d\u00e9sormais les acteur.rice.s de terrain sur des situations v\u00e9cues et complexes. Pour aller plus loin avant ou le cas \u00e9ch\u00e9ant apr\u00e8s l\u2019atelier : \u00c9mission les pieds sur terre du 2 mars 2015 : https:\/\/www.franceculture.fr\/emissions\/les-pieds-sur-terre\/la-liberte-dexclusion Jeudi 8 avril 2021 \/ de 10h \u00e0 12h [atelier Zoom]&gt; La la\u00efcit\u00e9, un sujet \u00e0 part ? La th\u00e9matique de la la\u00efcit\u00e9 impr\u00e8gne l\u2019espace public, dans les m\u00e9dias, dans les discours politiques, sur les r\u00e9seaux sociaux et n\u2019a sans doute jamais fait autant l\u2019objet d\u2019attention. Sans doute n\u2019a-t-elle aussi jamais \u00e9t\u00e9 si contest\u00e9e et d\u00e9voy\u00e9e. Quelles sont les responsabilit\u00e9s des journalistes quant au traitement m\u00e9diatique de la la\u00efcit\u00e9 ? Comment peuvent-ils aborder ce principe sans faire d\u2019amalgames, de contre-sens ou de raccourcis ?Comment les citoyen.ne.s forment-ils leur esprit critique, comment construisent-ils leur rapport \u00e0 la la\u00efcit\u00e9 au regard de ce traitement et finalement, quelle est la responsabilit\u00e9 des professionnel.le.s de l\u2019information dans cette \u00e9quation complexe ? Pour garantir et transmettre, il faut conna\u00eetre. La Ligue de l\u2019enseignement et R\u00e9sOVilles proposent un \u00e9change avec Pascal Massiot, journaliste \u00e0 Pop M\u00e9dia et Mathilde Chevr\u00e9, journaliste et formatrice m\u00e9dias qui viendront poser les bases des indispensables de questionnements pour avoir ensuite un \u00e9change avec les acteur.rice.s de terrain sur des situations v\u00e9cues et souvent complexes. Jeudi 22 avril 2021 \/ de 10h \u00e0 12h [atelier Zoom]&gt; La\u00efcit\u00e9 et sports La La\u00efcit\u00e9 est un sujet qui int\u00e9resse ou interroge les acteurs du sport. Si l\u2019on consid\u00e8re que le sport doit contribuer au Vivre ensemble et \u00eatre un des creusets de la construction de la citoyennet\u00e9, la la\u00efcit\u00e9 doit impr\u00e9gner l\u2019ensemble des acteurs du sport. De situations fortement m\u00e9diatis\u00e9es\u2026 au quotidien des associations sportives, c\u2019est un sujet \u00e0 part enti\u00e8re qui m\u00e9rite d\u2019\u00eatre trait\u00e9, garantissant ainsi le respect fondamental des libert\u00e9s de toutes et tous \u00e0 travers toutes les pratiques sportives. Diff\u00e9rents outils de r\u00e9f\u00e9rence existent, \u00e0 l\u2019initiative de f\u00e9d\u00e9rations sportives, de l\u2019Etat pour enseigner ou d\u00e9battre autour de la La\u00efcit\u00e9, et ainsi renforcer les responsabilit\u00e9s les dirigeants sportifs, voire traiter des conflits. La Ligue de l\u2019enseignement et R\u00e9sOVilles propose un \u00e9change avec Pierre Tournemire, Administrateur honoraire de la Ligue de l\u2019enseignement et ancien Secr\u00e9taire G\u00e9n\u00e9ral adjoint en charge de la La\u00efcit\u00e9 et Arnaud JEAN, Pr\u00e9sident de l\u2019Ufolep, qui pourront, \u00e0 travers l\u2019histoire, l\u2019actualit\u00e9, des exemples, engager un \u00e9change avec les acteur.rice.s de terrain. &gt;&gt; Retrouvez le r\u00e9sum\u00e9 de cet \u00e9change sous la forme d&rsquo;une illustration r\u00e9alis\u00e9e par C\u00e9line Ziw\u00e8s &#8211; illustratrice et facilitatrice graphique Z\u00e8degrafik : Mardi 27 avril 2021 \/ de 17h \u00e0 18h30 [atelier Zoom]&gt; La La\u00efcit\u00e9 et l&rsquo;\u00e9cole Cette ann\u00e9e particuli\u00e8rement, la la\u00efcit\u00e9 a \u00e9t\u00e9 au c\u0153ur des pr\u00e9occupations des \u00e9quipes \u00e9ducatives. Des \u00e9quipes enseignantes et des parents d\u2019\u00e9l\u00e8ves se sont retrouv\u00e9s d\u00e9munies pour parler de l\u2019assassinat de Samuel Paty avec les enfants. Les d\u00e9bats sur les sorties et la restauration scolaires sont revenus dans les m\u00e9dias. Le principe de la\u00efcit\u00e9 est fondamental dans l\u2019\u00e9cole de la r\u00e9publique. Cependant, les enseignant.e.s peuvent ils.elles enseigner sereinement la la\u00efcit\u00e9 dans notre pays alors que le d\u00e9bat autour de ce principe est souvent instrumentalis\u00e9? Peut-on faire vivre la la\u00efcit\u00e9 dans un pays qui a laiss\u00e9 se ghetto\u00efser des parties enti\u00e8res de son territoire ? Existe t-il des exp\u00e9rimentations sur certains territoires qui ont montr\u00e9 leur preuve ? La Ligue de l\u2019enseignement et R\u00e9sOVilles propose un \u00e9change avec Jean-Paul Delahaye, Inspecteur g\u00e9n\u00e9ral de l\u2019\u00c9ducation Nationale honoraire et administrateur d\u00e9l\u00e9gu\u00e9 \u00e0 la la\u00efcit\u00e9 \u00e0 la Ligue de l\u2019enseignement, qui viendra poser les bases des indispensables de questionnements pour avoir ensuite un \u00e9change avec les acteur.rice.s de terrain sur des situations v\u00e9cues et souvent complexes. &gt;&gt; Retrouvez le r\u00e9sum\u00e9 de cet \u00e9change sous la forme d&rsquo;illustrations r\u00e9alis\u00e9es par C\u00e9line Ziw\u00e8s &#8211; illustratrice et facilitatrice graphique Z\u00e8degrafik :\" \/>\n<meta property=\"og:url\" content=\"https:\/\/laligue53.org\/index.php\/2021\/03\/25\/des-ateliers-en-visio-pour-debattre-autour-de-la-laicite\/\" \/>\n<meta property=\"article:published_time\" content=\"2021-03-25T16:41:38+00:00\" \/>\n<meta property=\"article:modified_time\" content=\"2021-04-29T09:22:25+00:00\" \/>\n<meta name=\"author\" content=\"solene\" \/>\n<meta name=\"twitter:card\" content=\"summary_large_image\" \/>\n<meta name=\"twitter:label1\" content=\"\u00c9crit par\" \/>\n\t<meta name=\"twitter:data1\" content=\"solene\" \/>\n\t<meta name=\"twitter:label2\" content=\"Dur\u00e9e de lecture estim\u00e9e\" \/>\n\t<meta name=\"twitter:data2\" content=\"5 minutes\" \/>\n<script type=\"application\/ld+json\" class=\"yoast-schema-graph\">{\"@context\":\"https:\\\/\\\/schema.org\",\"@graph\":[{\"@type\":\"Article\",\"@id\":\"https:\\\/\\\/laligue53.org\\\/index.php\\\/2021\\\/03\\\/25\\\/des-ateliers-en-visio-pour-debattre-autour-de-la-laicite\\\/#article\",\"isPartOf\":{\"@id\":\"https:\\\/\\\/laligue53.org\\\/index.php\\\/2021\\\/03\\\/25\\\/des-ateliers-en-visio-pour-debattre-autour-de-la-laicite\\\/\"},\"author\":{\"name\":\"solene\",\"@id\":\"https:\\\/\\\/laligue53.org\\\/#\\\/schema\\\/person\\\/1abd68130308384db2389adc7e79a1c6\"},\"headline\":\"Des ateliers en visio pour d\u00e9battre autour de la La\u00efcit\u00e9\",\"datePublished\":\"2021-03-25T16:41:38+00:00\",\"dateModified\":\"2021-04-29T09:22:25+00:00\",\"mainEntityOfPage\":{\"@id\":\"https:\\\/\\\/laligue53.org\\\/index.php\\\/2021\\\/03\\\/25\\\/des-ateliers-en-visio-pour-debattre-autour-de-la-laicite\\\/\"},\"wordCount\":961,\"keywords\":[\"Conf\u00e9rence\",\"D\u00e9bat\",\"La\u00efcit\u00e9\"],\"articleSection\":[\"Actualit\u00e9 de la f\u00e9d\u00e9ration\",\"La f\u00e9d\u00e9ration\"],\"inLanguage\":\"fr-FR\"},{\"@type\":\"WebPage\",\"@id\":\"https:\\\/\\\/laligue53.org\\\/index.php\\\/2021\\\/03\\\/25\\\/des-ateliers-en-visio-pour-debattre-autour-de-la-laicite\\\/\",\"url\":\"https:\\\/\\\/laligue53.org\\\/index.php\\\/2021\\\/03\\\/25\\\/des-ateliers-en-visio-pour-debattre-autour-de-la-laicite\\\/\",\"name\":\"Des ateliers en visio pour d\u00e9battre autour de la La\u00efcit\u00e9 -\",\"isPartOf\":{\"@id\":\"https:\\\/\\\/laligue53.org\\\/#website\"},\"datePublished\":\"2021-03-25T16:41:38+00:00\",\"dateModified\":\"2021-04-29T09:22:25+00:00\",\"author\":{\"@id\":\"https:\\\/\\\/laligue53.org\\\/#\\\/schema\\\/person\\\/1abd68130308384db2389adc7e79a1c6\"},\"breadcrumb\":{\"@id\":\"https:\\\/\\\/laligue53.org\\\/index.php\\\/2021\\\/03\\\/25\\\/des-ateliers-en-visio-pour-debattre-autour-de-la-laicite\\\/#breadcrumb\"},\"inLanguage\":\"fr-FR\",\"potentialAction\":[{\"@type\":\"ReadAction\",\"target\":[\"https:\\\/\\\/laligue53.org\\\/index.php\\\/2021\\\/03\\\/25\\\/des-ateliers-en-visio-pour-debattre-autour-de-la-laicite\\\/\"]}]},{\"@type\":\"BreadcrumbList\",\"@id\":\"https:\\\/\\\/laligue53.org\\\/index.php\\\/2021\\\/03\\\/25\\\/des-ateliers-en-visio-pour-debattre-autour-de-la-laicite\\\/#breadcrumb\",\"itemListElement\":[{\"@type\":\"ListItem\",\"position\":1,\"name\":\"Accueil\",\"item\":\"https:\\\/\\\/laligue53.org\\\/\"},{\"@type\":\"ListItem\",\"position\":2,\"name\":\"Des ateliers en visio pour d\u00e9battre autour de la La\u00efcit\u00e9\"}]},{\"@type\":\"WebSite\",\"@id\":\"https:\\\/\\\/laligue53.org\\\/#website\",\"url\":\"https:\\\/\\\/laligue53.org\\\/\",\"name\":\"\",\"description\":\"S&#039;associer est une force\",\"potentialAction\":[{\"@type\":\"SearchAction\",\"target\":{\"@type\":\"EntryPoint\",\"urlTemplate\":\"https:\\\/\\\/laligue53.org\\\/?s={search_term_string}\"},\"query-input\":{\"@type\":\"PropertyValueSpecification\",\"valueRequired\":true,\"valueName\":\"search_term_string\"}}],\"inLanguage\":\"fr-FR\"},{\"@type\":\"Person\",\"@id\":\"https:\\\/\\\/laligue53.org\\\/#\\\/schema\\\/person\\\/1abd68130308384db2389adc7e79a1c6\",\"name\":\"solene\",\"image\":{\"@type\":\"ImageObject\",\"inLanguage\":\"fr-FR\",\"@id\":\"https:\\\/\\\/secure.gravatar.com\\\/avatar\\\/ce2e419e3b64bb96366252f00df0bfe11c42c21b1bf0d6fb9556d823c367b289?s=96&d=mm&r=g\",\"url\":\"https:\\\/\\\/secure.gravatar.com\\\/avatar\\\/ce2e419e3b64bb96366252f00df0bfe11c42c21b1bf0d6fb9556d823c367b289?s=96&d=mm&r=g\",\"contentUrl\":\"https:\\\/\\\/secure.gravatar.com\\\/avatar\\\/ce2e419e3b64bb96366252f00df0bfe11c42c21b1bf0d6fb9556d823c367b289?s=96&d=mm&r=g\",\"caption\":\"solene\"},\"url\":\"https:\\\/\\\/laligue53.org\\\/index.php\\\/author\\\/solene\\\/\"}]}<\/script>\n<!-- \/ Yoast SEO plugin. -->","yoast_head_json":{"title":"Des ateliers en visio pour d\u00e9battre autour de la La\u00efcit\u00e9 -","robots":{"index":"index","follow":"follow","max-snippet":"max-snippet:-1","max-image-preview":"max-image-preview:large","max-video-preview":"max-video-preview:-1"},"canonical":"https:\/\/laligue53.org\/index.php\/2021\/03\/25\/des-ateliers-en-visio-pour-debattre-autour-de-la-laicite\/","og_locale":"fr_FR","og_type":"article","og_title":"Des ateliers en visio pour d\u00e9battre autour de la La\u00efcit\u00e9 -","og_description":"R\u00e9sovilles et la Ligue de l&rsquo;enseignement (Pays de la Loire) vous proposent des ateliers Zoom (en visio) pour \u00e9changer autour de la La\u00efcit\u00e9. Mardi 6 avril 2021 \/ de 10h \u00e0 12h [atelier Zoom]&gt; La la\u00efcit\u00e9, une question de principe ? La promotion du principe de la\u00efcit\u00e9 et la lutte contre les discriminations sont-elles toujours compatibles ? Depuis une quinzaine d\u2019ann\u00e9es, la fronti\u00e8re semble parfois t\u00e9nue et interroge nombre de professionnel.le.s, confront\u00e9.e.s \u00e0 des situations concr\u00e8tes et complexes qui font appara\u00eetre ces injonctions comme contradictoires. D\u2019o\u00f9 viennent ces injonctions devenues contradictoires ? Que nous disent-elles des \u00e9volutions de la la\u00efcit\u00e9 ? Quelles postures peuvent adopter les professionnels dans de telles configurations ? La Ligue de l\u2019enseignement et R\u00e9soVilles proposent un \u00e9change avec Olivier NO\u00cbL, sociologue \u00e0 l\u2019Institut Social et Coop\u00e9ratif de Recherche Appliqu\u00e9e et Ma\u00eetre de conf\u00e9rences de sociologie politique \u00e0 l\u2019universit\u00e9 Paul Val\u00e9ry de Montpellier qui tentera de donner quelques \u00e9l\u00e9ments de d\u00e9cryptage de ces \u00e9volutions et des enjeux auxquels sont d\u00e9sormais les acteur.rice.s de terrain sur des situations v\u00e9cues et complexes. Pour aller plus loin avant ou le cas \u00e9ch\u00e9ant apr\u00e8s l\u2019atelier : \u00c9mission les pieds sur terre du 2 mars 2015 : https:\/\/www.franceculture.fr\/emissions\/les-pieds-sur-terre\/la-liberte-dexclusion Jeudi 8 avril 2021 \/ de 10h \u00e0 12h [atelier Zoom]&gt; La la\u00efcit\u00e9, un sujet \u00e0 part ? La th\u00e9matique de la la\u00efcit\u00e9 impr\u00e8gne l\u2019espace public, dans les m\u00e9dias, dans les discours politiques, sur les r\u00e9seaux sociaux et n\u2019a sans doute jamais fait autant l\u2019objet d\u2019attention. Sans doute n\u2019a-t-elle aussi jamais \u00e9t\u00e9 si contest\u00e9e et d\u00e9voy\u00e9e. Quelles sont les responsabilit\u00e9s des journalistes quant au traitement m\u00e9diatique de la la\u00efcit\u00e9 ? Comment peuvent-ils aborder ce principe sans faire d\u2019amalgames, de contre-sens ou de raccourcis ?Comment les citoyen.ne.s forment-ils leur esprit critique, comment construisent-ils leur rapport \u00e0 la la\u00efcit\u00e9 au regard de ce traitement et finalement, quelle est la responsabilit\u00e9 des professionnel.le.s de l\u2019information dans cette \u00e9quation complexe ? Pour garantir et transmettre, il faut conna\u00eetre. La Ligue de l\u2019enseignement et R\u00e9sOVilles proposent un \u00e9change avec Pascal Massiot, journaliste \u00e0 Pop M\u00e9dia et Mathilde Chevr\u00e9, journaliste et formatrice m\u00e9dias qui viendront poser les bases des indispensables de questionnements pour avoir ensuite un \u00e9change avec les acteur.rice.s de terrain sur des situations v\u00e9cues et souvent complexes. Jeudi 22 avril 2021 \/ de 10h \u00e0 12h [atelier Zoom]> La\u00efcit\u00e9 et sports La La\u00efcit\u00e9 est un sujet qui int\u00e9resse ou interroge les acteurs du sport. Si l\u2019on consid\u00e8re que le sport doit contribuer au Vivre ensemble et \u00eatre un des creusets de la construction de la citoyennet\u00e9, la la\u00efcit\u00e9 doit impr\u00e9gner l\u2019ensemble des acteurs du sport. De situations fortement m\u00e9diatis\u00e9es\u2026 au quotidien des associations sportives, c\u2019est un sujet \u00e0 part enti\u00e8re qui m\u00e9rite d\u2019\u00eatre trait\u00e9, garantissant ainsi le respect fondamental des libert\u00e9s de toutes et tous \u00e0 travers toutes les pratiques sportives. Diff\u00e9rents outils de r\u00e9f\u00e9rence existent, \u00e0 l\u2019initiative de f\u00e9d\u00e9rations sportives, de l\u2019Etat pour enseigner ou d\u00e9battre autour de la La\u00efcit\u00e9, et ainsi renforcer les responsabilit\u00e9s les dirigeants sportifs, voire traiter des conflits. La Ligue de l\u2019enseignement et R\u00e9sOVilles propose un \u00e9change avec Pierre Tournemire, Administrateur honoraire de la Ligue de l\u2019enseignement et ancien Secr\u00e9taire G\u00e9n\u00e9ral adjoint en charge de la La\u00efcit\u00e9 et Arnaud JEAN, Pr\u00e9sident de l\u2019Ufolep, qui pourront, \u00e0 travers l\u2019histoire, l\u2019actualit\u00e9, des exemples, engager un \u00e9change avec les acteur.rice.s de terrain. >> Retrouvez le r\u00e9sum\u00e9 de cet \u00e9change sous la forme d&rsquo;une illustration r\u00e9alis\u00e9e par C\u00e9line Ziw\u00e8s &#8211; illustratrice et facilitatrice graphique Z\u00e8degrafik : Mardi 27 avril 2021 \/ de 17h \u00e0 18h30 [atelier Zoom]> La La\u00efcit\u00e9 et l&rsquo;\u00e9cole Cette ann\u00e9e particuli\u00e8rement, la la\u00efcit\u00e9 a \u00e9t\u00e9 au c\u0153ur des pr\u00e9occupations des \u00e9quipes \u00e9ducatives. Des \u00e9quipes enseignantes et des parents d\u2019\u00e9l\u00e8ves se sont retrouv\u00e9s d\u00e9munies pour parler de l\u2019assassinat de Samuel Paty avec les enfants. Les d\u00e9bats sur les sorties et la restauration scolaires sont revenus dans les m\u00e9dias. Le principe de la\u00efcit\u00e9 est fondamental dans l\u2019\u00e9cole de la r\u00e9publique. Cependant, les enseignant.e.s peuvent ils.elles enseigner sereinement la la\u00efcit\u00e9 dans notre pays alors que le d\u00e9bat autour de ce principe est souvent instrumentalis\u00e9? Peut-on faire vivre la la\u00efcit\u00e9 dans un pays qui a laiss\u00e9 se ghetto\u00efser des parties enti\u00e8res de son territoire ? Existe t-il des exp\u00e9rimentations sur certains territoires qui ont montr\u00e9 leur preuve ? La Ligue de l\u2019enseignement et R\u00e9sOVilles propose un \u00e9change avec Jean-Paul Delahaye, Inspecteur g\u00e9n\u00e9ral de l\u2019\u00c9ducation Nationale honoraire et administrateur d\u00e9l\u00e9gu\u00e9 \u00e0 la la\u00efcit\u00e9 \u00e0 la Ligue de l\u2019enseignement, qui viendra poser les bases des indispensables de questionnements pour avoir ensuite un \u00e9change avec les acteur.rice.s de terrain sur des situations v\u00e9cues et souvent complexes. >> Retrouvez le r\u00e9sum\u00e9 de cet \u00e9change sous la forme d&rsquo;illustrations r\u00e9alis\u00e9es par C\u00e9line Ziw\u00e8s &#8211; illustratrice et facilitatrice graphique Z\u00e8degrafik :","og_url":"https:\/\/laligue53.org\/index.php\/2021\/03\/25\/des-ateliers-en-visio-pour-debattre-autour-de-la-laicite\/","article_published_time":"2021-03-25T16:41:38+00:00","article_modified_time":"2021-04-29T09:22:25+00:00","author":"solene","twitter_card":"summary_large_image","twitter_misc":{"\u00c9crit par":"solene","Dur\u00e9e de lecture estim\u00e9e":"5 minutes"},"schema":{"@context":"https:\/\/schema.org","@graph":[{"@type":"Article","@id":"https:\/\/laligue53.org\/index.php\/2021\/03\/25\/des-ateliers-en-visio-pour-debattre-autour-de-la-laicite\/#article","isPartOf":{"@id":"https:\/\/laligue53.org\/index.php\/2021\/03\/25\/des-ateliers-en-visio-pour-debattre-autour-de-la-laicite\/"},"author":{"name":"solene","@id":"https:\/\/laligue53.org\/#\/schema\/person\/1abd68130308384db2389adc7e79a1c6"},"headline":"Des ateliers en visio pour d\u00e9battre autour de la La\u00efcit\u00e9","datePublished":"2021-03-25T16:41:38+00:00","dateModified":"2021-04-29T09:22:25+00:00","mainEntityOfPage":{"@id":"https:\/\/laligue53.org\/index.php\/2021\/03\/25\/des-ateliers-en-visio-pour-debattre-autour-de-la-laicite\/"},"wordCount":961,"keywords":["Conf\u00e9rence","D\u00e9bat","La\u00efcit\u00e9"],"articleSection":["Actualit\u00e9 de la f\u00e9d\u00e9ration","La f\u00e9d\u00e9ration"],"inLanguage":"fr-FR"},{"@type":"WebPage","@id":"https:\/\/laligue53.org\/index.php\/2021\/03\/25\/des-ateliers-en-visio-pour-debattre-autour-de-la-laicite\/","url":"https:\/\/laligue53.org\/index.php\/2021\/03\/25\/des-ateliers-en-visio-pour-debattre-autour-de-la-laicite\/","name":"Des ateliers en visio pour d\u00e9battre autour de la La\u00efcit\u00e9 -","isPartOf":{"@id":"https:\/\/laligue53.org\/#website"},"datePublished":"2021-03-25T16:41:38+00:00","dateModified":"2021-04-29T09:22:25+00:00","author":{"@id":"https:\/\/laligue53.org\/#\/schema\/person\/1abd68130308384db2389adc7e79a1c6"},"breadcrumb":{"@id":"https:\/\/laligue53.org\/index.php\/2021\/03\/25\/des-ateliers-en-visio-pour-debattre-autour-de-la-laicite\/#breadcrumb"},"inLanguage":"fr-FR","potentialAction":[{"@type":"ReadAction","target":["https:\/\/laligue53.org\/index.php\/2021\/03\/25\/des-ateliers-en-visio-pour-debattre-autour-de-la-laicite\/"]}]},{"@type":"BreadcrumbList","@id":"https:\/\/laligue53.org\/index.php\/2021\/03\/25\/des-ateliers-en-visio-pour-debattre-autour-de-la-laicite\/#breadcrumb","itemListElement":[{"@type":"ListItem","position":1,"name":"Accueil","item":"https:\/\/laligue53.org\/"},{"@type":"ListItem","position":2,"name":"Des ateliers en visio pour d\u00e9battre autour de la La\u00efcit\u00e9"}]},{"@type":"WebSite","@id":"https:\/\/laligue53.org\/#website","url":"https:\/\/laligue53.org\/","name":"","description":"S&#039;associer est une force","potentialAction":[{"@type":"SearchAction","target":{"@type":"EntryPoint","urlTemplate":"https:\/\/laligue53.org\/?s={search_term_string}"},"query-input":{"@type":"PropertyValueSpecification","valueRequired":true,"valueName":"search_term_string"}}],"inLanguage":"fr-FR"},{"@type":"Person","@id":"https:\/\/laligue53.org\/#\/schema\/person\/1abd68130308384db2389adc7e79a1c6","name":"solene","image":{"@type":"ImageObject","inLanguage":"fr-FR","@id":"https:\/\/secure.gravatar.com\/avatar\/ce2e419e3b64bb96366252f00df0bfe11c42c21b1bf0d6fb9556d823c367b289?s=96&d=mm&r=g","url":"https:\/\/secure.gravatar.com\/avatar\/ce2e419e3b64bb96366252f00df0bfe11c42c21b1bf0d6fb9556d823c367b289?s=96&d=mm&r=g","contentUrl":"https:\/\/secure.gravatar.com\/avatar\/ce2e419e3b64bb96366252f00df0bfe11c42c21b1bf0d6fb9556d823c367b289?s=96&d=mm&r=g","caption":"solene"},"url":"https:\/\/laligue53.org\/index.php\/author\/solene\/"}]}},"uagb_featured_image_src":{"full":false,"thumbnail":false,"medium":false,"medium_large":false,"large":false,"1536x1536":false,"2048x2048":false},"uagb_author_info":{"display_name":"solene","author_link":"https:\/\/laligue53.org\/index.php\/author\/solene\/"},"uagb_comment_info":0,"uagb_excerpt":"R\u00e9sovilles et la Ligue de l&rsquo;enseignement (Pays de la Loire) vous proposent des ateliers Zoom (en visio) pour \u00e9changer autour de la La\u00efcit\u00e9. Mardi 6 avril 2021 \/ de 10h \u00e0 12h [atelier Zoom]&gt; La la\u00efcit\u00e9, une question de principe ? La promotion du principe de la\u00efcit\u00e9 et la lutte contre les discriminations sont-elles toujours\u2026","_links":{"self":[{"href":"https:\/\/laligue53.org\/index.php\/wp-json\/wp\/v2\/posts\/3766","targetHints":{"allow":["GET"]}}],"collection":[{"href":"https:\/\/laligue53.org\/index.php\/wp-json\/wp\/v2\/posts"}],"about":[{"href":"https:\/\/laligue53.org\/index.php\/wp-json\/wp\/v2\/types\/post"}],"author":[{"embeddable":true,"href":"https:\/\/laligue53.org\/index.php\/wp-json\/wp\/v2\/users\/1"}],"replies":[{"embeddable":true,"href":"https:\/\/laligue53.org\/index.php\/wp-json\/wp\/v2\/comments?post=3766"}],"version-history":[{"count":23,"href":"https:\/\/laligue53.org\/index.php\/wp-json\/wp\/v2\/posts\/3766\/revisions"}],"predecessor-version":[{"id":3820,"href":"https:\/\/laligue53.org\/index.php\/wp-json\/wp\/v2\/posts\/3766\/revisions\/3820"}],"wp:attachment":[{"href":"https:\/\/laligue53.org\/index.php\/wp-json\/wp\/v2\/media?parent=3766"}],"wp:term":[{"taxonomy":"category","embeddable":true,"href":"https:\/\/laligue53.org\/index.php\/wp-json\/wp\/v2\/categories?post=3766"},{"taxonomy":"post_tag","embeddable":true,"href":"https:\/\/laligue53.org\/index.php\/wp-json\/wp\/v2\/tags?post=3766"}],"curies":[{"name":"wp","href":"https:\/\/api.w.org\/{rel}","templated":true}]}}