{"id":3701,"date":"2021-01-27T11:39:21","date_gmt":"2021-01-27T10:39:21","guid":{"rendered":"https:\/\/laligue53.org\/?p=3701"},"modified":"2021-01-27T11:55:06","modified_gmt":"2021-01-27T10:55:06","slug":"retour-sur-la-mise-en-debat-dejeuner-avec-nicolas-cadene-laicite-et-separatisme","status":"publish","type":"post","link":"https:\/\/laligue53.org\/index.php\/2021\/01\/27\/retour-sur-la-mise-en-debat-dejeuner-avec-nicolas-cadene-laicite-et-separatisme\/","title":{"rendered":"Retour sur la mise en d\u00e9bat &#8211; D\u00e9jeuner avec Nicolas Cad\u00e8ne &#8211; La\u00efcit\u00e9 et s\u00e9paratisme"},"content":{"rendered":"\n<p>Vous avez manqu\u00e9 la conf\u00e9rence en ligne de Nicolas Cad\u00e8ne : \u00ab\u00a0La\u00efcit\u00e9 et s\u00e9paratisme\u00a0\u00bb ? <br><br>Pas de panique ! Retrouvez la conf\u00e9rence juste ici sur <a rel=\"noreferrer noopener\" href=\"https:\/\/joinpeertube.org\/fr_FR\/#what-is-peertube\" target=\"_blank\">PeerTube <\/a>: <br><a rel=\"noreferrer noopener\" href=\"https:\/\/l.facebook.com\/l.php?u=https%3A%2F%2Fvideos.laliguepaysdelaloire.org%2Fvideos%2Fwatch%2Fd8f37fa4-1d23-4170-b2b2-4e83e91695a5%3Ffbclid%3DIwAR3bIGqUmWKTOteca-QqZFOvodI5TKZ-1Z8KVkvW49NrO5z5lnYiS6-M7kA&amp;h=AT0ZQJ-A0igXKAEwTr3BUj2gTGnV1vOGws32z7eH24ByLNtThYU4NKmrU1fzYpmL_e7zFIFAf8KPd5nCMtGunkFQT1HIYcTNdqTeBPO0ovSM4Gq1UaHyNpv56QK9zKblHNWh&amp;__tn__=-UK-R&amp;c[0]=AT1ETJlCBh3hOwPQlvuyEUKcv2w7QvEtMeKgYs_71wsxtTjLr0UncfcGt0FDD_LtWwd7tX5IJKRAnu8OazRj3ZgYzSG_wo9OY9kJ0L1Vm9gvuQS2L6C-8-E8AI3OK11jEEYZzi_NDgPfjiCCC22wddchUL-cfH5Kil-T3gcXgccWueigym6W9rA-ONaH43foDGbCPpX9\" target=\"_blank\">https:\/\/videos.laliguepaysdelaloire.org\/&#8230;\/d8f37fa4-1d23&#8230;<\/a><\/p>\n\n\n\n<p>Cette conf\u00e9rence a \u00e9t\u00e9 anim\u00e9e par Julien Favrot, Directeur G\u00e9n\u00e9ral de la <a href=\"https:\/\/www.facebook.com\/laligue53.org\/?__cft__[0]=AZXQ80Prj5yOBd19APR2l5FRamT8S8KnXTFCrztns1FFofOm_s0F04GttUGVMbBdCBpANuvRfhDJiWveVeYsIGwTDfoLFSjojMaErb_78WZ8oMqtLZENGNAu9T5XSqXcumG2edBAtTp-zhv-DzE0d9dT5fZUpX9DInjdGR3XJseuOIyVVV_pz2iOYVWM8Jou5g8&amp;__tn__=kK-R\">Ligue de l&rsquo;enseignement &#8211; FAL 53<\/a> et Emilie Sarrazin, Directrice de <a href=\"https:\/\/www.facebook.com\/resovilles\/?__cft__[0]=AZXQ80Prj5yOBd19APR2l5FRamT8S8KnXTFCrztns1FFofOm_s0F04GttUGVMbBdCBpANuvRfhDJiWveVeYsIGwTDfoLFSjojMaErb_78WZ8oMqtLZENGNAu9T5XSqXcumG2edBAtTp-zhv-DzE0d9dT5fZUpX9DInjdGR3XJseuOIyVVV_pz2iOYVWM8Jou5g8&amp;__tn__=kK-R\">R\u00e9so Villes &#8211; Centre de ressources Bretagne Pays de la Loire<\/a>.<br><br>Environ 120 personnes ont suivi ce \u00ab d\u00e9jeuner \u00bb. <\/p>\n\n\n\n<p>Retrouvez ci-dessous l&rsquo;illustration facilitatrice :<\/p>\n\n\n\n<div class=\"wp-block-image\"><figure class=\"aligncenter size-large is-resized\"><a href=\"https:\/\/laligue53.org\/wp-content\/uploads\/2021\/01\/N.Cad\u00e8neScroll.png\"><img fetchpriority=\"high\" decoding=\"async\" src=\"https:\/\/laligue53.org\/wp-content\/uploads\/2021\/01\/N.Cad\u00e8neScroll.png\" alt=\"\" class=\"wp-image-3705\" width=\"630\" height=\"891\" srcset=\"https:\/\/laligue53.org\/wp-content\/uploads\/2021\/01\/N.Cad\u00e8neScroll.png 595w, https:\/\/laligue53.org\/wp-content\/uploads\/2021\/01\/N.Cad\u00e8neScroll-212x300.png 212w\" sizes=\"(max-width: 630px) 100vw, 630px\" \/><\/a><\/figure><\/div>\n\n\n\n<div class=\"wp-block-file\"><a href=\"https:\/\/laligue53.org\/wp-content\/uploads\/2021\/01\/N.Cad\u00e8neScroll-compress\u00e9.pdf\">Illustration facilitatrice Nicolas Cad\u00e8ne<\/a><a href=\"https:\/\/laligue53.org\/wp-content\/uploads\/2021\/01\/N.Cad\u00e8neScroll-compress\u00e9.pdf\" class=\"wp-block-file__button\" download>T\u00e9l\u00e9charger<\/a><\/div>\n","protected":false},"excerpt":{"rendered":"<p>Vous avez manqu\u00e9 la conf\u00e9rence en ligne de Nicolas Cad\u00e8ne : \u00ab\u00a0La\u00efcit\u00e9 et s\u00e9paratisme\u00a0\u00bb ? Pas de panique ! Retrouvez la conf\u00e9rence juste ici sur PeerTube : https:\/\/videos.laliguepaysdelaloire.org\/&#8230;\/d8f37fa4-1d23&#8230; Cette conf\u00e9rence a \u00e9t\u00e9 anim\u00e9e par Julien Favrot, Directeur G\u00e9n\u00e9ral de la Ligue de l&rsquo;enseignement &#8211; FAL 53 et Emilie Sarrazin, Directrice de R\u00e9so Villes &#8211; Centre de ressources Bretagne Pays de la Loire. Environ 120 personnes ont suivi ce \u00ab d\u00e9jeuner \u00bb. Retrouvez ci-dessous l&rsquo;illustration facilitatrice :<\/p>\n","protected":false},"author":1,"featured_media":0,"comment_status":"closed","ping_status":"closed","sticky":true,"template":"","format":"standard","meta":{"_uag_custom_page_level_css":"","h5ap_radio_sources":[],"footnotes":""},"categories":[9,5],"tags":[],"class_list":["post-3701","post","type-post","status-publish","format-standard","hentry","category-actualite-de-la-federation","category-federation"],"yoast_head":"<!-- This site is optimized with the Yoast SEO plugin v27.3 - https:\/\/yoast.com\/product\/yoast-seo-wordpress\/ -->\n<title>Retour sur la mise en d\u00e9bat - D\u00e9jeuner avec Nicolas Cad\u00e8ne - La\u00efcit\u00e9 et s\u00e9paratisme -<\/title>\n<meta name=\"robots\" content=\"index, follow, max-snippet:-1, max-image-preview:large, max-video-preview:-1\" \/>\n<link rel=\"canonical\" href=\"https:\/\/laligue53.org\/index.php\/2021\/01\/27\/retour-sur-la-mise-en-debat-dejeuner-avec-nicolas-cadene-laicite-et-separatisme\/\" \/>\n<meta property=\"og:locale\" content=\"fr_FR\" \/>\n<meta property=\"og:type\" content=\"article\" \/>\n<meta property=\"og:title\" content=\"Retour sur la mise en d\u00e9bat - D\u00e9jeuner avec Nicolas Cad\u00e8ne - La\u00efcit\u00e9 et s\u00e9paratisme -\" \/>\n<meta property=\"og:description\" content=\"Vous avez manqu\u00e9 la conf\u00e9rence en ligne de Nicolas Cad\u00e8ne : \u00ab\u00a0La\u00efcit\u00e9 et s\u00e9paratisme\u00a0\u00bb ? Pas de panique ! Retrouvez la conf\u00e9rence juste ici sur PeerTube : https:\/\/videos.laliguepaysdelaloire.org\/&#8230;\/d8f37fa4-1d23&#8230; Cette conf\u00e9rence a \u00e9t\u00e9 anim\u00e9e par Julien Favrot, Directeur G\u00e9n\u00e9ral de la Ligue de l&rsquo;enseignement &#8211; FAL 53 et Emilie Sarrazin, Directrice de R\u00e9so Villes &#8211; Centre de ressources Bretagne Pays de la Loire. Environ 120 personnes ont suivi ce \u00ab d\u00e9jeuner \u00bb. Retrouvez ci-dessous l&rsquo;illustration facilitatrice :\" \/>\n<meta property=\"og:url\" content=\"https:\/\/laligue53.org\/index.php\/2021\/01\/27\/retour-sur-la-mise-en-debat-dejeuner-avec-nicolas-cadene-laicite-et-separatisme\/\" \/>\n<meta property=\"article:published_time\" content=\"2021-01-27T10:39:21+00:00\" \/>\n<meta property=\"article:modified_time\" content=\"2021-01-27T10:55:06+00:00\" \/>\n<meta name=\"author\" content=\"solene\" \/>\n<meta name=\"twitter:card\" content=\"summary_large_image\" \/>\n<meta name=\"twitter:label1\" content=\"\u00c9crit par\" \/>\n\t<meta name=\"twitter:data1\" content=\"solene\" \/>\n<script type=\"application\/ld+json\" class=\"yoast-schema-graph\">{\"@context\":\"https:\\\/\\\/schema.org\",\"@graph\":[{\"@type\":\"Article\",\"@id\":\"https:\\\/\\\/laligue53.org\\\/index.php\\\/2021\\\/01\\\/27\\\/retour-sur-la-mise-en-debat-dejeuner-avec-nicolas-cadene-laicite-et-separatisme\\\/#article\",\"isPartOf\":{\"@id\":\"https:\\\/\\\/laligue53.org\\\/index.php\\\/2021\\\/01\\\/27\\\/retour-sur-la-mise-en-debat-dejeuner-avec-nicolas-cadene-laicite-et-separatisme\\\/\"},\"author\":{\"name\":\"solene\",\"@id\":\"https:\\\/\\\/laligue53.org\\\/#\\\/schema\\\/person\\\/1abd68130308384db2389adc7e79a1c6\"},\"headline\":\"Retour sur la mise en d\u00e9bat &#8211; D\u00e9jeuner avec Nicolas Cad\u00e8ne &#8211; La\u00efcit\u00e9 et s\u00e9paratisme\",\"datePublished\":\"2021-01-27T10:39:21+00:00\",\"dateModified\":\"2021-01-27T10:55:06+00:00\",\"mainEntityOfPage\":{\"@id\":\"https:\\\/\\\/laligue53.org\\\/index.php\\\/2021\\\/01\\\/27\\\/retour-sur-la-mise-en-debat-dejeuner-avec-nicolas-cadene-laicite-et-separatisme\\\/\"},\"wordCount\":114,\"articleSection\":[\"Actualit\u00e9 de la f\u00e9d\u00e9ration\",\"La f\u00e9d\u00e9ration\"],\"inLanguage\":\"fr-FR\"},{\"@type\":\"WebPage\",\"@id\":\"https:\\\/\\\/laligue53.org\\\/index.php\\\/2021\\\/01\\\/27\\\/retour-sur-la-mise-en-debat-dejeuner-avec-nicolas-cadene-laicite-et-separatisme\\\/\",\"url\":\"https:\\\/\\\/laligue53.org\\\/index.php\\\/2021\\\/01\\\/27\\\/retour-sur-la-mise-en-debat-dejeuner-avec-nicolas-cadene-laicite-et-separatisme\\\/\",\"name\":\"Retour sur la mise en d\u00e9bat - D\u00e9jeuner avec Nicolas Cad\u00e8ne - La\u00efcit\u00e9 et s\u00e9paratisme -\",\"isPartOf\":{\"@id\":\"https:\\\/\\\/laligue53.org\\\/#website\"},\"datePublished\":\"2021-01-27T10:39:21+00:00\",\"dateModified\":\"2021-01-27T10:55:06+00:00\",\"author\":{\"@id\":\"https:\\\/\\\/laligue53.org\\\/#\\\/schema\\\/person\\\/1abd68130308384db2389adc7e79a1c6\"},\"breadcrumb\":{\"@id\":\"https:\\\/\\\/laligue53.org\\\/index.php\\\/2021\\\/01\\\/27\\\/retour-sur-la-mise-en-debat-dejeuner-avec-nicolas-cadene-laicite-et-separatisme\\\/#breadcrumb\"},\"inLanguage\":\"fr-FR\",\"potentialAction\":[{\"@type\":\"ReadAction\",\"target\":[\"https:\\\/\\\/laligue53.org\\\/index.php\\\/2021\\\/01\\\/27\\\/retour-sur-la-mise-en-debat-dejeuner-avec-nicolas-cadene-laicite-et-separatisme\\\/\"]}]},{\"@type\":\"BreadcrumbList\",\"@id\":\"https:\\\/\\\/laligue53.org\\\/index.php\\\/2021\\\/01\\\/27\\\/retour-sur-la-mise-en-debat-dejeuner-avec-nicolas-cadene-laicite-et-separatisme\\\/#breadcrumb\",\"itemListElement\":[{\"@type\":\"ListItem\",\"position\":1,\"name\":\"Accueil\",\"item\":\"https:\\\/\\\/laligue53.org\\\/\"},{\"@type\":\"ListItem\",\"position\":2,\"name\":\"Retour sur la mise en d\u00e9bat &#8211; D\u00e9jeuner avec Nicolas Cad\u00e8ne &#8211; La\u00efcit\u00e9 et s\u00e9paratisme\"}]},{\"@type\":\"WebSite\",\"@id\":\"https:\\\/\\\/laligue53.org\\\/#website\",\"url\":\"https:\\\/\\\/laligue53.org\\\/\",\"name\":\"\",\"description\":\"S&#039;associer est une force\",\"potentialAction\":[{\"@type\":\"SearchAction\",\"target\":{\"@type\":\"EntryPoint\",\"urlTemplate\":\"https:\\\/\\\/laligue53.org\\\/?s={search_term_string}\"},\"query-input\":{\"@type\":\"PropertyValueSpecification\",\"valueRequired\":true,\"valueName\":\"search_term_string\"}}],\"inLanguage\":\"fr-FR\"},{\"@type\":\"Person\",\"@id\":\"https:\\\/\\\/laligue53.org\\\/#\\\/schema\\\/person\\\/1abd68130308384db2389adc7e79a1c6\",\"name\":\"solene\",\"image\":{\"@type\":\"ImageObject\",\"inLanguage\":\"fr-FR\",\"@id\":\"https:\\\/\\\/secure.gravatar.com\\\/avatar\\\/ce2e419e3b64bb96366252f00df0bfe11c42c21b1bf0d6fb9556d823c367b289?s=96&d=mm&r=g\",\"url\":\"https:\\\/\\\/secure.gravatar.com\\\/avatar\\\/ce2e419e3b64bb96366252f00df0bfe11c42c21b1bf0d6fb9556d823c367b289?s=96&d=mm&r=g\",\"contentUrl\":\"https:\\\/\\\/secure.gravatar.com\\\/avatar\\\/ce2e419e3b64bb96366252f00df0bfe11c42c21b1bf0d6fb9556d823c367b289?s=96&d=mm&r=g\",\"caption\":\"solene\"},\"url\":\"https:\\\/\\\/laligue53.org\\\/index.php\\\/author\\\/solene\\\/\"}]}<\/script>\n<!-- \/ Yoast SEO plugin. -->","yoast_head_json":{"title":"Retour sur la mise en d\u00e9bat - D\u00e9jeuner avec Nicolas Cad\u00e8ne - La\u00efcit\u00e9 et s\u00e9paratisme -","robots":{"index":"index","follow":"follow","max-snippet":"max-snippet:-1","max-image-preview":"max-image-preview:large","max-video-preview":"max-video-preview:-1"},"canonical":"https:\/\/laligue53.org\/index.php\/2021\/01\/27\/retour-sur-la-mise-en-debat-dejeuner-avec-nicolas-cadene-laicite-et-separatisme\/","og_locale":"fr_FR","og_type":"article","og_title":"Retour sur la mise en d\u00e9bat - D\u00e9jeuner avec Nicolas Cad\u00e8ne - La\u00efcit\u00e9 et s\u00e9paratisme -","og_description":"Vous avez manqu\u00e9 la conf\u00e9rence en ligne de Nicolas Cad\u00e8ne : \u00ab\u00a0La\u00efcit\u00e9 et s\u00e9paratisme\u00a0\u00bb ? Pas de panique ! Retrouvez la conf\u00e9rence juste ici sur PeerTube : https:\/\/videos.laliguepaysdelaloire.org\/&#8230;\/d8f37fa4-1d23&#8230; Cette conf\u00e9rence a \u00e9t\u00e9 anim\u00e9e par Julien Favrot, Directeur G\u00e9n\u00e9ral de la Ligue de l&rsquo;enseignement &#8211; FAL 53 et Emilie Sarrazin, Directrice de R\u00e9so Villes &#8211; Centre de ressources Bretagne Pays de la Loire. Environ 120 personnes ont suivi ce \u00ab d\u00e9jeuner \u00bb. Retrouvez ci-dessous l&rsquo;illustration facilitatrice :","og_url":"https:\/\/laligue53.org\/index.php\/2021\/01\/27\/retour-sur-la-mise-en-debat-dejeuner-avec-nicolas-cadene-laicite-et-separatisme\/","article_published_time":"2021-01-27T10:39:21+00:00","article_modified_time":"2021-01-27T10:55:06+00:00","author":"solene","twitter_card":"summary_large_image","twitter_misc":{"\u00c9crit par":"solene"},"schema":{"@context":"https:\/\/schema.org","@graph":[{"@type":"Article","@id":"https:\/\/laligue53.org\/index.php\/2021\/01\/27\/retour-sur-la-mise-en-debat-dejeuner-avec-nicolas-cadene-laicite-et-separatisme\/#article","isPartOf":{"@id":"https:\/\/laligue53.org\/index.php\/2021\/01\/27\/retour-sur-la-mise-en-debat-dejeuner-avec-nicolas-cadene-laicite-et-separatisme\/"},"author":{"name":"solene","@id":"https:\/\/laligue53.org\/#\/schema\/person\/1abd68130308384db2389adc7e79a1c6"},"headline":"Retour sur la mise en d\u00e9bat &#8211; D\u00e9jeuner avec Nicolas Cad\u00e8ne &#8211; La\u00efcit\u00e9 et s\u00e9paratisme","datePublished":"2021-01-27T10:39:21+00:00","dateModified":"2021-01-27T10:55:06+00:00","mainEntityOfPage":{"@id":"https:\/\/laligue53.org\/index.php\/2021\/01\/27\/retour-sur-la-mise-en-debat-dejeuner-avec-nicolas-cadene-laicite-et-separatisme\/"},"wordCount":114,"articleSection":["Actualit\u00e9 de la f\u00e9d\u00e9ration","La f\u00e9d\u00e9ration"],"inLanguage":"fr-FR"},{"@type":"WebPage","@id":"https:\/\/laligue53.org\/index.php\/2021\/01\/27\/retour-sur-la-mise-en-debat-dejeuner-avec-nicolas-cadene-laicite-et-separatisme\/","url":"https:\/\/laligue53.org\/index.php\/2021\/01\/27\/retour-sur-la-mise-en-debat-dejeuner-avec-nicolas-cadene-laicite-et-separatisme\/","name":"Retour sur la mise en d\u00e9bat - D\u00e9jeuner avec Nicolas Cad\u00e8ne - La\u00efcit\u00e9 et s\u00e9paratisme -","isPartOf":{"@id":"https:\/\/laligue53.org\/#website"},"datePublished":"2021-01-27T10:39:21+00:00","dateModified":"2021-01-27T10:55:06+00:00","author":{"@id":"https:\/\/laligue53.org\/#\/schema\/person\/1abd68130308384db2389adc7e79a1c6"},"breadcrumb":{"@id":"https:\/\/laligue53.org\/index.php\/2021\/01\/27\/retour-sur-la-mise-en-debat-dejeuner-avec-nicolas-cadene-laicite-et-separatisme\/#breadcrumb"},"inLanguage":"fr-FR","potentialAction":[{"@type":"ReadAction","target":["https:\/\/laligue53.org\/index.php\/2021\/01\/27\/retour-sur-la-mise-en-debat-dejeuner-avec-nicolas-cadene-laicite-et-separatisme\/"]}]},{"@type":"BreadcrumbList","@id":"https:\/\/laligue53.org\/index.php\/2021\/01\/27\/retour-sur-la-mise-en-debat-dejeuner-avec-nicolas-cadene-laicite-et-separatisme\/#breadcrumb","itemListElement":[{"@type":"ListItem","position":1,"name":"Accueil","item":"https:\/\/laligue53.org\/"},{"@type":"ListItem","position":2,"name":"Retour sur la mise en d\u00e9bat &#8211; D\u00e9jeuner avec Nicolas Cad\u00e8ne &#8211; La\u00efcit\u00e9 et s\u00e9paratisme"}]},{"@type":"WebSite","@id":"https:\/\/laligue53.org\/#website","url":"https:\/\/laligue53.org\/","name":"","description":"S&#039;associer est une force","potentialAction":[{"@type":"SearchAction","target":{"@type":"EntryPoint","urlTemplate":"https:\/\/laligue53.org\/?s={search_term_string}"},"query-input":{"@type":"PropertyValueSpecification","valueRequired":true,"valueName":"search_term_string"}}],"inLanguage":"fr-FR"},{"@type":"Person","@id":"https:\/\/laligue53.org\/#\/schema\/person\/1abd68130308384db2389adc7e79a1c6","name":"solene","image":{"@type":"ImageObject","inLanguage":"fr-FR","@id":"https:\/\/secure.gravatar.com\/avatar\/ce2e419e3b64bb96366252f00df0bfe11c42c21b1bf0d6fb9556d823c367b289?s=96&d=mm&r=g","url":"https:\/\/secure.gravatar.com\/avatar\/ce2e419e3b64bb96366252f00df0bfe11c42c21b1bf0d6fb9556d823c367b289?s=96&d=mm&r=g","contentUrl":"https:\/\/secure.gravatar.com\/avatar\/ce2e419e3b64bb96366252f00df0bfe11c42c21b1bf0d6fb9556d823c367b289?s=96&d=mm&r=g","caption":"solene"},"url":"https:\/\/laligue53.org\/index.php\/author\/solene\/"}]}},"uagb_featured_image_src":{"full":false,"thumbnail":false,"medium":false,"medium_large":false,"large":false,"1536x1536":false,"2048x2048":false},"uagb_author_info":{"display_name":"solene","author_link":"https:\/\/laligue53.org\/index.php\/author\/solene\/"},"uagb_comment_info":0,"uagb_excerpt":"Vous avez manqu\u00e9 la conf\u00e9rence en ligne de Nicolas Cad\u00e8ne : \u00ab\u00a0La\u00efcit\u00e9 et s\u00e9paratisme\u00a0\u00bb ? Pas de panique ! Retrouvez la conf\u00e9rence juste ici sur PeerTube : https:\/\/videos.laliguepaysdelaloire.org\/&#8230;\/d8f37fa4-1d23&#8230; Cette conf\u00e9rence a \u00e9t\u00e9 anim\u00e9e par Julien Favrot, Directeur G\u00e9n\u00e9ral de la Ligue de l&rsquo;enseignement &#8211; FAL 53 et Emilie Sarrazin, Directrice de R\u00e9so Villes &#8211; Centre\u2026","_links":{"self":[{"href":"https:\/\/laligue53.org\/index.php\/wp-json\/wp\/v2\/posts\/3701","targetHints":{"allow":["GET"]}}],"collection":[{"href":"https:\/\/laligue53.org\/index.php\/wp-json\/wp\/v2\/posts"}],"about":[{"href":"https:\/\/laligue53.org\/index.php\/wp-json\/wp\/v2\/types\/post"}],"author":[{"embeddable":true,"href":"https:\/\/laligue53.org\/index.php\/wp-json\/wp\/v2\/users\/1"}],"replies":[{"embeddable":true,"href":"https:\/\/laligue53.org\/index.php\/wp-json\/wp\/v2\/comments?post=3701"}],"version-history":[{"count":3,"href":"https:\/\/laligue53.org\/index.php\/wp-json\/wp\/v2\/posts\/3701\/revisions"}],"predecessor-version":[{"id":3707,"href":"https:\/\/laligue53.org\/index.php\/wp-json\/wp\/v2\/posts\/3701\/revisions\/3707"}],"wp:attachment":[{"href":"https:\/\/laligue53.org\/index.php\/wp-json\/wp\/v2\/media?parent=3701"}],"wp:term":[{"taxonomy":"category","embeddable":true,"href":"https:\/\/laligue53.org\/index.php\/wp-json\/wp\/v2\/categories?post=3701"},{"taxonomy":"post_tag","embeddable":true,"href":"https:\/\/laligue53.org\/index.php\/wp-json\/wp\/v2\/tags?post=3701"}],"curies":[{"name":"wp","href":"https:\/\/api.w.org\/{rel}","templated":true}]}}